{"id":154,"date":"2019-04-23T12:47:59","date_gmt":"2019-04-23T10:47:59","guid":{"rendered":"https:\/\/www.astroambiente.org\/wordpress\/2019\/04\/23\/sabato-27-04-2019-dagli-universi-isola-alle-ragnatele-cosmiche\/"},"modified":"2019-04-23T12:47:59","modified_gmt":"2019-04-23T10:47:59","slug":"sabato-27-04-2019-dagli-universi-isola-alle-ragnatele-cosmiche","status":"publish","type":"post","link":"https:\/\/www.astroambiente.org\/wordpress\/sabato-27-04-2019-dagli-universi-isola-alle-ragnatele-cosmiche\/","title":{"rendered":"Sabato 27\/04\/2019 &#8220;Dagli universi-isola alle ragnatele cosmiche&#8221;"},"content":{"rendered":"<p>Le centinaia di miliardi di galassie che sono disseminate nell&#8217;universo, fino ad un secolo fa si riteneva facessero parte della Via Lattea, la nostra casa. Ci furono dispute accese tra chi sosteneva invece, a ragione, che questi enormi aggregati di stelle costituissero veri e propri universi-isola, posti cio\u00e8 fuori dalla nostra Galassia. In tempi recenti i grandi telescopi, sia a terra che nello spazio, ci stanno mostrando l\u2019enorme ragnatela cosmica costituita da questi enormi ammassi di stelle.<\/p>\n<p>Al termine della conferenza sar\u00e0 possibile osservare il cielo mediante la strumentazione dell\u2019osservatorio. In caso di maltempo le osservazioni saranno sostituite dalla proiezione di immagini astronomiche riprese dall&#8217;osservatorio.<\/p>\n<p>L&#8217;ingresso \u00e8 gratuito per i soci (la tessera del costo di 10\u20ac si potr\u00e0 fare all&#8217;ingresso e sar\u00e0 valida per tutto l&#8217;anno). In alternativa si pu\u00f2 fare una donazione.<\/p>\n<p>Vi aspettiamo numerosi!<\/p>\n<p>\u00a0<\/p>\n<p><span style=\"text-decoration: underline; font-size: 12pt;\"><strong><a title=\"Locandina\" href=\"https:\/\/www.astroambiente.org\/wordpress\/wp-content\/uploads\/2019\/04\/serata_27_04_2019.pdf\" target=\"_blank\" rel=\"alternate\">Scarica la locandina<\/a><\/strong><\/span><\/p>\n","protected":false},"excerpt":{"rendered":"<p>Le centinaia di miliardi di galassie che sono disseminate nell&#8217;universo, fino ad un secolo fa si riteneva facessero parte della Via Lattea, la nostra casa. Ci furono dispute accese tra [&hellip;]<\/p>\n","protected":false},"author":1,"featured_media":0,"comment_status":"open","ping_status":"open","sticky":false,"template":"","format":"standard","meta":{"_price":"","_stock":"","_tribe_ticket_header":"","_tribe_default_ticket_provider":"","_tribe_ticket_capacity":"","_ticket_start_date":"","_ticket_end_date":"","_tribe_ticket_show_description":"","_tribe_ticket_show_not_going":false,"_tribe_ticket_use_global_stock":"","_tribe_ticket_global_stock_level":"","_global_stock_mode":"","_global_stock_cap":"","_tribe_rsvp_for_event":"","_tribe_ticket_going_count":"","_tribe_ticket_not_going_count":"","_tribe_tickets_list":"[]","_tribe_ticket_has_attendee_info_fields":false,"footnotes":""},"categories":[4],"tags":[],"class_list":["post-154","post","type-post","status-publish","format-standard","hentry","category-serate-pubbliche"],"blocksy_meta":[],"_links":{"self":[{"href":"https:\/\/www.astroambiente.org\/wordpress\/wp-json\/wp\/v2\/posts\/154","targetHints":{"allow":["GET"]}}],"collection":[{"href":"https:\/\/www.astroambiente.org\/wordpress\/wp-json\/wp\/v2\/posts"}],"about":[{"href":"https:\/\/www.astroambiente.org\/wordpress\/wp-json\/wp\/v2\/types\/post"}],"author":[{"embeddable":true,"href":"https:\/\/www.astroambiente.org\/wordpress\/wp-json\/wp\/v2\/users\/1"}],"replies":[{"embeddable":true,"href":"https:\/\/www.astroambiente.org\/wordpress\/wp-json\/wp\/v2\/comments?post=154"}],"version-history":[{"count":0,"href":"https:\/\/www.astroambiente.org\/wordpress\/wp-json\/wp\/v2\/posts\/154\/revisions"}],"wp:attachment":[{"href":"https:\/\/www.astroambiente.org\/wordpress\/wp-json\/wp\/v2\/media?parent=154"}],"wp:term":[{"taxonomy":"category","embeddable":true,"href":"https:\/\/www.astroambiente.org\/wordpress\/wp-json\/wp\/v2\/categories?post=154"},{"taxonomy":"post_tag","embeddable":true,"href":"https:\/\/www.astroambiente.org\/wordpress\/wp-json\/wp\/v2\/tags?post=154"}],"curies":[{"name":"wp","href":"https:\/\/api.w.org\/{rel}","templated":true}]}}