{"id":158,"date":"2019-05-13T15:31:17","date_gmt":"2019-05-13T13:31:17","guid":{"rendered":"https:\/\/www.astroambiente.org\/wordpress\/2019\/05\/13\/sabato-18-05-2019-la-conquista-della-luna-dal-cannone-di-jules-verne-all-apollo-11\/"},"modified":"2019-05-13T15:31:17","modified_gmt":"2019-05-13T13:31:17","slug":"sabato-18-05-2019-la-conquista-della-luna-dal-cannone-di-jules-verne-all-apollo-11","status":"publish","type":"post","link":"https:\/\/www.astroambiente.org\/wordpress\/sabato-18-05-2019-la-conquista-della-luna-dal-cannone-di-jules-verne-all-apollo-11\/","title":{"rendered":"Sabato 25\/05\/2019 &#8220;La conquista della Luna: dal cannone di Jules Verne all&#8217;Apollo 11&#8221;"},"content":{"rendered":"<p>LA CONFERENZA E&#8217; STATA RIMANDATA A <span style=\"font-size: 10pt;\"><strong>SABATO 25 MAGGIO, ORE 21:00<\/strong><\/span> A CAUSA DI CONDIZIONI METEO AVVERSE.<\/p>\n<p>\u00a0<\/p>\n<p>Nell&#8217;anno del cinquantesimo anniversario dell\u2019\u201dallunaggio\u201d torniamo a parlare del nostro satellite naturale con la seconda conferenza del nostro \u201cciclo lunare\u201d. In questa serata viaggeremo tra la letteratura e la scienza, cercando di risolvere un quesito fondamentale: come si va sulla Luna?<\/p>\n<p>Al termine della conferenza sar\u00e0 possibile osservare il cielo mediante la strumentazione dell\u2019osservatorio. In caso di maltempo le osservazioni saranno sostituite dalla proiezione di immagini astronomiche riprese dall&#8217;osservatorio.<\/p>\n<p>L&#8217;ingresso \u00e8 gratuito per i soci (la tessera del costo di 10\u20ac si potr\u00e0 fare all&#8217;ingresso e sar\u00e0 valida per tutto l&#8217;anno). In alternativa si pu\u00f2 fare una donazione.<\/p>\n<p>Vi aspettiamo numerosi!<\/p>\n<p>\u00a0<\/p>\n<p><span style=\"font-size: 12pt;\"><strong><span style=\"text-decoration: underline;\"><a title=\"Locandina\" href=\"https:\/\/www.astroambiente.org\/wordpress\/wp-content\/uploads\/2019\/05\/serata_18_05_2019.pdf\" target=\"_blank\" rel=\"alternate\">Scarica la locandina<\/a><\/span><\/strong><\/span><\/p>\n","protected":false},"excerpt":{"rendered":"<p>LA CONFERENZA E&#8217; STATA RIMANDATA A SABATO 25 MAGGIO, ORE 21:00 A CAUSA DI CONDIZIONI METEO AVVERSE. \u00a0 Nell&#8217;anno del cinquantesimo anniversario dell\u2019\u201dallunaggio\u201d torniamo a parlare del nostro satellite naturale [&hellip;]<\/p>\n","protected":false},"author":1,"featured_media":0,"comment_status":"open","ping_status":"open","sticky":false,"template":"","format":"standard","meta":{"_price":"","_stock":"","_tribe_ticket_header":"","_tribe_default_ticket_provider":"","_tribe_ticket_capacity":"","_ticket_start_date":"","_ticket_end_date":"","_tribe_ticket_show_description":"","_tribe_ticket_show_not_going":false,"_tribe_ticket_use_global_stock":"","_tribe_ticket_global_stock_level":"","_global_stock_mode":"","_global_stock_cap":"","_tribe_rsvp_for_event":"","_tribe_ticket_going_count":"","_tribe_ticket_not_going_count":"","_tribe_tickets_list":"[]","_tribe_ticket_has_attendee_info_fields":false,"footnotes":""},"categories":[4],"tags":[],"class_list":["post-158","post","type-post","status-publish","format-standard","hentry","category-serate-pubbliche"],"blocksy_meta":[],"_links":{"self":[{"href":"https:\/\/www.astroambiente.org\/wordpress\/wp-json\/wp\/v2\/posts\/158","targetHints":{"allow":["GET"]}}],"collection":[{"href":"https:\/\/www.astroambiente.org\/wordpress\/wp-json\/wp\/v2\/posts"}],"about":[{"href":"https:\/\/www.astroambiente.org\/wordpress\/wp-json\/wp\/v2\/types\/post"}],"author":[{"embeddable":true,"href":"https:\/\/www.astroambiente.org\/wordpress\/wp-json\/wp\/v2\/users\/1"}],"replies":[{"embeddable":true,"href":"https:\/\/www.astroambiente.org\/wordpress\/wp-json\/wp\/v2\/comments?post=158"}],"version-history":[{"count":0,"href":"https:\/\/www.astroambiente.org\/wordpress\/wp-json\/wp\/v2\/posts\/158\/revisions"}],"wp:attachment":[{"href":"https:\/\/www.astroambiente.org\/wordpress\/wp-json\/wp\/v2\/media?parent=158"}],"wp:term":[{"taxonomy":"category","embeddable":true,"href":"https:\/\/www.astroambiente.org\/wordpress\/wp-json\/wp\/v2\/categories?post=158"},{"taxonomy":"post_tag","embeddable":true,"href":"https:\/\/www.astroambiente.org\/wordpress\/wp-json\/wp\/v2\/tags?post=158"}],"curies":[{"name":"wp","href":"https:\/\/api.w.org\/{rel}","templated":true}]}}