{"id":159,"date":"2019-06-11T23:29:07","date_gmt":"2019-06-11T21:29:07","guid":{"rendered":"https:\/\/www.astroambiente.org\/wordpress\/2019\/06\/11\/sabato-15-06-2019-la-luna-e-l-agricoltura\/"},"modified":"2019-06-11T23:29:07","modified_gmt":"2019-06-11T21:29:07","slug":"sabato-15-06-2019-la-luna-e-l-agricoltura","status":"publish","type":"post","link":"https:\/\/www.astroambiente.org\/wordpress\/sabato-15-06-2019-la-luna-e-l-agricoltura\/","title":{"rendered":"Sabato 15\/06\/2019 &#8220;La Luna e l&#8217;agricoltura&#8221;"},"content":{"rendered":"<p>Nel mondo contadino la Luna \u00e8 sempre stata centrale per la vita e il lavoro. Nella terza conferenza del \u201cciclo lunare\u201d vedremo meglio come la maggior parte delle attivit\u00e0 agricole siano da sempre legate al nostro satellite naturale, dalla semina delle piante all&#8217;imbottigliamento del vino.<\/p>\n<p>Al termine della conferenza sar\u00e0 possibile osservare il cielo mediante la strumentazione dell\u2019osservatorio. In caso di maltempo le osservazioni saranno sostituite dalla proiezione di immagini astronomiche riprese dall&#8217;osservatorio.<\/p>\n<p>L&#8217;ingresso \u00e8 gratuito per i soci (la tessera del costo di 10\u20ac si potr\u00e0 fare all&#8217;ingresso e sar\u00e0 valida per tutto l&#8217;anno). In alternativa si pu\u00f2 fare una donazione.<\/p>\n<p>Vi aspettiamo numerosi!<\/p>\n<p>\u00a0<\/p>\n<p>Scarica la locandina<\/p>\n<p><img loading=\"lazy\" decoding=\"async\" src=\"https:\/\/viewsfromthecottage.files.wordpress.com\/2011\/09\/the-cornfield.jpg\" alt=\"\" width=\"350\" height=\"247\" \/><\/p>\n<p>\u00a0<\/p>\n","protected":false},"excerpt":{"rendered":"<p>Nel mondo contadino la Luna \u00e8 sempre stata centrale per la vita e il lavoro. Nella terza conferenza del \u201cciclo lunare\u201d vedremo meglio come la maggior parte delle attivit\u00e0 agricole [&hellip;]<\/p>\n","protected":false},"author":1,"featured_media":0,"comment_status":"open","ping_status":"open","sticky":false,"template":"","format":"standard","meta":{"_price":"","_stock":"","_tribe_ticket_header":"","_tribe_default_ticket_provider":"","_tribe_ticket_capacity":"","_ticket_start_date":"","_ticket_end_date":"","_tribe_ticket_show_description":"","_tribe_ticket_show_not_going":false,"_tribe_ticket_use_global_stock":"","_tribe_ticket_global_stock_level":"","_global_stock_mode":"","_global_stock_cap":"","_tribe_rsvp_for_event":"","_tribe_ticket_going_count":"","_tribe_ticket_not_going_count":"","_tribe_tickets_list":"[]","_tribe_ticket_has_attendee_info_fields":false,"footnotes":""},"categories":[4],"tags":[],"class_list":["post-159","post","type-post","status-publish","format-standard","hentry","category-serate-pubbliche"],"blocksy_meta":[],"_links":{"self":[{"href":"https:\/\/www.astroambiente.org\/wordpress\/wp-json\/wp\/v2\/posts\/159","targetHints":{"allow":["GET"]}}],"collection":[{"href":"https:\/\/www.astroambiente.org\/wordpress\/wp-json\/wp\/v2\/posts"}],"about":[{"href":"https:\/\/www.astroambiente.org\/wordpress\/wp-json\/wp\/v2\/types\/post"}],"author":[{"embeddable":true,"href":"https:\/\/www.astroambiente.org\/wordpress\/wp-json\/wp\/v2\/users\/1"}],"replies":[{"embeddable":true,"href":"https:\/\/www.astroambiente.org\/wordpress\/wp-json\/wp\/v2\/comments?post=159"}],"version-history":[{"count":0,"href":"https:\/\/www.astroambiente.org\/wordpress\/wp-json\/wp\/v2\/posts\/159\/revisions"}],"wp:attachment":[{"href":"https:\/\/www.astroambiente.org\/wordpress\/wp-json\/wp\/v2\/media?parent=159"}],"wp:term":[{"taxonomy":"category","embeddable":true,"href":"https:\/\/www.astroambiente.org\/wordpress\/wp-json\/wp\/v2\/categories?post=159"},{"taxonomy":"post_tag","embeddable":true,"href":"https:\/\/www.astroambiente.org\/wordpress\/wp-json\/wp\/v2\/tags?post=159"}],"curies":[{"name":"wp","href":"https:\/\/api.w.org\/{rel}","templated":true}]}}