{"id":161,"date":"2019-06-24T14:32:57","date_gmt":"2019-06-24T12:32:57","guid":{"rendered":"https:\/\/www.astroambiente.org\/wordpress\/2019\/06\/24\/sabato-29-06-2019-il-cielo-di-gaia\/"},"modified":"2019-06-24T14:32:57","modified_gmt":"2019-06-24T12:32:57","slug":"sabato-29-06-2019-il-cielo-di-gaia","status":"publish","type":"post","link":"https:\/\/www.astroambiente.org\/wordpress\/sabato-29-06-2019-il-cielo-di-gaia\/","title":{"rendered":"Sabato 29\/06\/2019 &#8220;Il cielo di GAIA&#8221;"},"content":{"rendered":"<p>Durante questa serata vi parleremo di GAIA, satellite di una missione ESA, partito con lo scopo di ottenere una mappa tridimensionale della nostra galassia, rivelandone la composizione, la formazione e l\u2019evoluzione. Fino ad oggi ha mappato oltre un miliardo di stelle e ancora adesso sta elaborando i dati raccolti per completare la mappa.<\/p>\n<p>Al termine della conferenza sar\u00e0 possibile osservale il cielo mediante la strumentazione dell\u2019osservatorio. In caso di maltempo le osservazioni saranno sostituite dalla proiezione di immagini astronomiche riprese dall&#8217;osservatorio.<\/p>\n<p>L&#8217;ingresso \u00e8 gratuito per i soci (la tessera del costo di 10\u20ac si potr\u00e0 fare all&#8217;ingresso e sar\u00e0 valida per tutto l&#8217;anno). In alternativa si pu\u00f2 fare una donazione.<\/p>\n<p>Vi aspettiamo numerosi!<\/p>\n<p>\u00a0<\/p>\n<p><img loading=\"lazy\" decoding=\"async\" src=\"https:\/\/static1.squarespace.com\/static\/54bf12d2e4b0f0d81bf74ee7\/t\/5ae1414b03ce649859a929dc\/1524711761050\/Galaxy.JPG\" alt=\"Copyright: ESA\/Gaia\/DPAC, CC BY-SA 3.0 IGO\" width=\"500\" height=\"268\" \/><\/p>\n<p><strong><span style=\"text-decoration: underline; font-size: 12pt;\"><a title=\"locandina\" href=\"https:\/\/www.astroambiente.org\/wordpress\/wp-content\/uploads\/2019\/06\/serata_29_06_2019.pdf\" target=\"_blank\" rel=\"alternate\">Scarica la locandina<\/a><\/span><\/strong><\/p>\n","protected":false},"excerpt":{"rendered":"<p>Durante questa serata vi parleremo di GAIA, satellite di una missione ESA, partito con lo scopo di ottenere una mappa tridimensionale della nostra galassia, rivelandone la composizione, la formazione e [&hellip;]<\/p>\n","protected":false},"author":1,"featured_media":0,"comment_status":"open","ping_status":"open","sticky":false,"template":"","format":"standard","meta":{"_price":"","_stock":"","_tribe_ticket_header":"","_tribe_default_ticket_provider":"","_tribe_ticket_capacity":"","_ticket_start_date":"","_ticket_end_date":"","_tribe_ticket_show_description":"","_tribe_ticket_show_not_going":false,"_tribe_ticket_use_global_stock":"","_tribe_ticket_global_stock_level":"","_global_stock_mode":"","_global_stock_cap":"","_tribe_rsvp_for_event":"","_tribe_ticket_going_count":"","_tribe_ticket_not_going_count":"","_tribe_tickets_list":"[]","_tribe_ticket_has_attendee_info_fields":false,"footnotes":""},"categories":[4],"tags":[],"class_list":["post-161","post","type-post","status-publish","format-standard","hentry","category-serate-pubbliche"],"blocksy_meta":[],"_links":{"self":[{"href":"https:\/\/www.astroambiente.org\/wordpress\/wp-json\/wp\/v2\/posts\/161","targetHints":{"allow":["GET"]}}],"collection":[{"href":"https:\/\/www.astroambiente.org\/wordpress\/wp-json\/wp\/v2\/posts"}],"about":[{"href":"https:\/\/www.astroambiente.org\/wordpress\/wp-json\/wp\/v2\/types\/post"}],"author":[{"embeddable":true,"href":"https:\/\/www.astroambiente.org\/wordpress\/wp-json\/wp\/v2\/users\/1"}],"replies":[{"embeddable":true,"href":"https:\/\/www.astroambiente.org\/wordpress\/wp-json\/wp\/v2\/comments?post=161"}],"version-history":[{"count":0,"href":"https:\/\/www.astroambiente.org\/wordpress\/wp-json\/wp\/v2\/posts\/161\/revisions"}],"wp:attachment":[{"href":"https:\/\/www.astroambiente.org\/wordpress\/wp-json\/wp\/v2\/media?parent=161"}],"wp:term":[{"taxonomy":"category","embeddable":true,"href":"https:\/\/www.astroambiente.org\/wordpress\/wp-json\/wp\/v2\/categories?post=161"},{"taxonomy":"post_tag","embeddable":true,"href":"https:\/\/www.astroambiente.org\/wordpress\/wp-json\/wp\/v2\/tags?post=161"}],"curies":[{"name":"wp","href":"https:\/\/api.w.org\/{rel}","templated":true}]}}