{"id":164,"date":"2019-07-12T20:00:32","date_gmt":"2019-07-12T18:00:32","guid":{"rendered":"https:\/\/www.astroambiente.org\/wordpress\/2019\/07\/12\/martedi-12-07-2019-eclissi-di-luna-del-16-luglio-2019\/"},"modified":"2019-07-12T20:00:32","modified_gmt":"2019-07-12T18:00:32","slug":"martedi-12-07-2019-eclissi-di-luna-del-16-luglio-2019","status":"publish","type":"post","link":"https:\/\/www.astroambiente.org\/wordpress\/martedi-12-07-2019-eclissi-di-luna-del-16-luglio-2019\/","title":{"rendered":"Marted\u00ec 12\/07\/2019 &#8211; &#8220;Eclissi di Luna del 16 luglio 2019&#8221;"},"content":{"rendered":"<p>Assisteremo ad uno degli eventi astronomici pi\u00f9 attesi del 2019: l&#8217;eclissi di luna!<br \/>Lo spettacolo avr\u00e0 inizio intorno alle 18:42, ma sar\u00e0 ben visibile dalle ore 21:00. <strong>Il picco \u00e8 previsto per le 23:30<\/strong>. La parte oscurata del nostro satellite dal cono d&#8217;ombra della Terra sar\u00e0 di circa due terzi.<\/p>\n<p>Sar\u00e0 allestito il piazzale esterno per\u00a0seguire passo passo l&#8217;eclissi con approfondimenti.<br \/>In caso di maltempo le osservazioni saranno sostituite dalla proiezione di immagini astronomiche riprese dall&#8217;osservatorio.<\/p>\n<p>L&#8217;ingresso \u00e8 gratuito per i soci (la tessera del costo di 10\u20ac si potr\u00e0 fare all&#8217;ingresso e sar\u00e0 valida per tutto l&#8217;anno). In alternativa si pu\u00f2 fare una donazione.<\/p>\n<p>Vi aspettiamo numerosi!<\/p>\n<p>\u00a0<\/p>\n<p>Scarica la locandina<\/p>\n","protected":false},"excerpt":{"rendered":"<p>Assisteremo ad uno degli eventi astronomici pi\u00f9 attesi del 2019: l&#8217;eclissi di luna!Lo spettacolo avr\u00e0 inizio intorno alle 18:42, ma sar\u00e0 ben visibile dalle ore 21:00. Il picco \u00e8 previsto [&hellip;]<\/p>\n","protected":false},"author":1,"featured_media":0,"comment_status":"open","ping_status":"open","sticky":false,"template":"","format":"standard","meta":{"_price":"","_stock":"","_tribe_ticket_header":"","_tribe_default_ticket_provider":"","_tribe_ticket_capacity":"","_ticket_start_date":"","_ticket_end_date":"","_tribe_ticket_show_description":"","_tribe_ticket_show_not_going":false,"_tribe_ticket_use_global_stock":"","_tribe_ticket_global_stock_level":"","_global_stock_mode":"","_global_stock_cap":"","_tribe_rsvp_for_event":"","_tribe_ticket_going_count":"","_tribe_ticket_not_going_count":"","_tribe_tickets_list":"[]","_tribe_ticket_has_attendee_info_fields":false,"footnotes":""},"categories":[4],"tags":[],"class_list":["post-164","post","type-post","status-publish","format-standard","hentry","category-serate-pubbliche"],"blocksy_meta":[],"_links":{"self":[{"href":"https:\/\/www.astroambiente.org\/wordpress\/wp-json\/wp\/v2\/posts\/164","targetHints":{"allow":["GET"]}}],"collection":[{"href":"https:\/\/www.astroambiente.org\/wordpress\/wp-json\/wp\/v2\/posts"}],"about":[{"href":"https:\/\/www.astroambiente.org\/wordpress\/wp-json\/wp\/v2\/types\/post"}],"author":[{"embeddable":true,"href":"https:\/\/www.astroambiente.org\/wordpress\/wp-json\/wp\/v2\/users\/1"}],"replies":[{"embeddable":true,"href":"https:\/\/www.astroambiente.org\/wordpress\/wp-json\/wp\/v2\/comments?post=164"}],"version-history":[{"count":0,"href":"https:\/\/www.astroambiente.org\/wordpress\/wp-json\/wp\/v2\/posts\/164\/revisions"}],"wp:attachment":[{"href":"https:\/\/www.astroambiente.org\/wordpress\/wp-json\/wp\/v2\/media?parent=164"}],"wp:term":[{"taxonomy":"category","embeddable":true,"href":"https:\/\/www.astroambiente.org\/wordpress\/wp-json\/wp\/v2\/categories?post=164"},{"taxonomy":"post_tag","embeddable":true,"href":"https:\/\/www.astroambiente.org\/wordpress\/wp-json\/wp\/v2\/tags?post=164"}],"curies":[{"name":"wp","href":"https:\/\/api.w.org\/{rel}","templated":true}]}}