{"id":165,"date":"2019-07-12T20:04:22","date_gmt":"2019-07-12T18:04:22","guid":{"rendered":"https:\/\/www.astroambiente.org\/wordpress\/2019\/07\/12\/sabato-20-07-2019-a-cinquant-anni-dall-allunaggio\/"},"modified":"2019-07-12T20:04:22","modified_gmt":"2019-07-12T18:04:22","slug":"sabato-20-07-2019-a-cinquant-anni-dall-allunaggio","status":"publish","type":"post","link":"https:\/\/www.astroambiente.org\/wordpress\/sabato-20-07-2019-a-cinquant-anni-dall-allunaggio\/","title":{"rendered":"Sabato 20\/07\/2019 &#8220;A cinquant&#8217;anni dall&#8217;allunaggio&#8221;"},"content":{"rendered":"<p>In Italia era la notte tra il 20 e il 21 luglio del 1969, quando una lunga diretta televisiva raccont\u00f2 a tutti l&#8217;evento del secolo: l&#8217;allunaggio.<\/p>\n<p>A distanza di cinquant&#8217;anni celebriamo anche noi questa &#8220;ricorrenza&#8221; ripercorrendo le tappe fondamentali di quel periodo e di quella notte passata con il naso all&#8217;ins\u00f9.<\/p>\n<p>Al termine della conferenza sar\u00e0 possibile osservare il cielo mediante la strumentazione dell\u2019osservatorio. In caso di maltempo le osservazioni saranno sostituite dalla proiezione di immagini astronomiche riprese dall&#8217;osservatorio.<\/p>\n<p>L&#8217;ingresso \u00e8 gratuito per i soci (la tessera del costo di 10\u20ac si potr\u00e0 fare all&#8217;ingresso e sar\u00e0 valida per tutto l&#8217;anno). In alternativa si pu\u00f2 fare una donazione.<\/p>\n<p>Vi aspettiamo numerosi!<\/p>\n","protected":false},"excerpt":{"rendered":"<p>In Italia era la notte tra il 20 e il 21 luglio del 1969, quando una lunga diretta televisiva raccont\u00f2 a tutti l&#8217;evento del secolo: l&#8217;allunaggio. A distanza di cinquant&#8217;anni [&hellip;]<\/p>\n","protected":false},"author":1,"featured_media":0,"comment_status":"open","ping_status":"open","sticky":false,"template":"","format":"standard","meta":{"_price":"","_stock":"","_tribe_ticket_header":"","_tribe_default_ticket_provider":"","_tribe_ticket_capacity":"","_ticket_start_date":"","_ticket_end_date":"","_tribe_ticket_show_description":"","_tribe_ticket_show_not_going":false,"_tribe_ticket_use_global_stock":"","_tribe_ticket_global_stock_level":"","_global_stock_mode":"","_global_stock_cap":"","_tribe_rsvp_for_event":"","_tribe_ticket_going_count":"","_tribe_ticket_not_going_count":"","_tribe_tickets_list":"[]","_tribe_ticket_has_attendee_info_fields":false,"footnotes":""},"categories":[4],"tags":[],"class_list":["post-165","post","type-post","status-publish","format-standard","hentry","category-serate-pubbliche"],"blocksy_meta":[],"_links":{"self":[{"href":"https:\/\/www.astroambiente.org\/wordpress\/wp-json\/wp\/v2\/posts\/165","targetHints":{"allow":["GET"]}}],"collection":[{"href":"https:\/\/www.astroambiente.org\/wordpress\/wp-json\/wp\/v2\/posts"}],"about":[{"href":"https:\/\/www.astroambiente.org\/wordpress\/wp-json\/wp\/v2\/types\/post"}],"author":[{"embeddable":true,"href":"https:\/\/www.astroambiente.org\/wordpress\/wp-json\/wp\/v2\/users\/1"}],"replies":[{"embeddable":true,"href":"https:\/\/www.astroambiente.org\/wordpress\/wp-json\/wp\/v2\/comments?post=165"}],"version-history":[{"count":0,"href":"https:\/\/www.astroambiente.org\/wordpress\/wp-json\/wp\/v2\/posts\/165\/revisions"}],"wp:attachment":[{"href":"https:\/\/www.astroambiente.org\/wordpress\/wp-json\/wp\/v2\/media?parent=165"}],"wp:term":[{"taxonomy":"category","embeddable":true,"href":"https:\/\/www.astroambiente.org\/wordpress\/wp-json\/wp\/v2\/categories?post=165"},{"taxonomy":"post_tag","embeddable":true,"href":"https:\/\/www.astroambiente.org\/wordpress\/wp-json\/wp\/v2\/tags?post=165"}],"curies":[{"name":"wp","href":"https:\/\/api.w.org\/{rel}","templated":true}]}}