{"id":167,"date":"2019-07-22T13:00:21","date_gmt":"2019-07-22T11:00:21","guid":{"rendered":"https:\/\/www.astroambiente.org\/wordpress\/2019\/07\/22\/27-07-2019-oggetti-catastrofici-dalle-supernovae-ai-buchi-neri\/"},"modified":"2019-07-22T13:00:21","modified_gmt":"2019-07-22T11:00:21","slug":"27-07-2019-oggetti-catastrofici-dalle-supernovae-ai-buchi-neri","status":"publish","type":"post","link":"https:\/\/www.astroambiente.org\/wordpress\/27-07-2019-oggetti-catastrofici-dalle-supernovae-ai-buchi-neri\/","title":{"rendered":"27\/07\/2019 &#8211; RINVIATO &#8211; Oggetti catastrofici dalle supernovae ai buchi neri"},"content":{"rendered":"<p><span style=\"text-decoration: underline; font-size: 14pt;\">LA SERATA PREVISTA IN DATA 27 LUGLIO \u00c8 RINVIATA A\u00a0<strong>DATA DA DESTINARSI <\/strong>CAUSA MALTEMPO<strong>.<\/strong><\/span><\/p>\n<p>\u00a0<\/p>\n<p>L\u2019osservazione delle catastrofi celesti affascina e al contempo terrorizza l\u2019uomo dalle epoche pi\u00f9 antiche. Ma quali sono gli oggetti catastrofici? Come si originano e come si sviluppano? Quali informazioni possono darci sull&#8217;Universo? Venite a scoprirlo con noi.<\/p>\n<p>Al termine della conferenza sar\u00e0 possibile osservare il cielo mediante la strumentazione dell\u2019osservatorio. In caso di maltempo le osservazioni saranno sostituite dalla proiezione di immagini astronomiche riprese dall&#8217;osservatorio.<\/p>\n<p>L&#8217;ingresso \u00e8 gratuito per i soci (la tessera del costo di 10\u20ac si potr\u00e0 fare all&#8217;ingresso e sar\u00e0 valida per tutto l&#8217;anno). In alternativa si pu\u00f2 fare una donazione.<\/p>\n<p>Vi aspettiamo numerosi!<\/p>\n<p><a title=\"Locandina\" href=\"https:\/\/www.astroambiente.org\/wordpress\/wp-content\/uploads\/2019\/07\/serata_27_07_2019.pdf\" target=\"_blank\" rel=\"alternate\">Scarica la locandina<\/a><\/p>\n","protected":false},"excerpt":{"rendered":"<p>LA SERATA PREVISTA IN DATA 27 LUGLIO \u00c8 RINVIATA A\u00a0DATA DA DESTINARSI CAUSA MALTEMPO. \u00a0 L\u2019osservazione delle catastrofi celesti affascina e al contempo terrorizza l\u2019uomo dalle epoche pi\u00f9 antiche. Ma [&hellip;]<\/p>\n","protected":false},"author":1,"featured_media":0,"comment_status":"open","ping_status":"open","sticky":false,"template":"","format":"standard","meta":{"_price":"","_stock":"","_tribe_ticket_header":"","_tribe_default_ticket_provider":"","_tribe_ticket_capacity":"","_ticket_start_date":"","_ticket_end_date":"","_tribe_ticket_show_description":"","_tribe_ticket_show_not_going":false,"_tribe_ticket_use_global_stock":"","_tribe_ticket_global_stock_level":"","_global_stock_mode":"","_global_stock_cap":"","_tribe_rsvp_for_event":"","_tribe_ticket_going_count":"","_tribe_ticket_not_going_count":"","_tribe_tickets_list":"[]","_tribe_ticket_has_attendee_info_fields":false,"footnotes":""},"categories":[4],"tags":[],"class_list":["post-167","post","type-post","status-publish","format-standard","hentry","category-serate-pubbliche"],"blocksy_meta":[],"_links":{"self":[{"href":"https:\/\/www.astroambiente.org\/wordpress\/wp-json\/wp\/v2\/posts\/167","targetHints":{"allow":["GET"]}}],"collection":[{"href":"https:\/\/www.astroambiente.org\/wordpress\/wp-json\/wp\/v2\/posts"}],"about":[{"href":"https:\/\/www.astroambiente.org\/wordpress\/wp-json\/wp\/v2\/types\/post"}],"author":[{"embeddable":true,"href":"https:\/\/www.astroambiente.org\/wordpress\/wp-json\/wp\/v2\/users\/1"}],"replies":[{"embeddable":true,"href":"https:\/\/www.astroambiente.org\/wordpress\/wp-json\/wp\/v2\/comments?post=167"}],"version-history":[{"count":0,"href":"https:\/\/www.astroambiente.org\/wordpress\/wp-json\/wp\/v2\/posts\/167\/revisions"}],"wp:attachment":[{"href":"https:\/\/www.astroambiente.org\/wordpress\/wp-json\/wp\/v2\/media?parent=167"}],"wp:term":[{"taxonomy":"category","embeddable":true,"href":"https:\/\/www.astroambiente.org\/wordpress\/wp-json\/wp\/v2\/categories?post=167"},{"taxonomy":"post_tag","embeddable":true,"href":"https:\/\/www.astroambiente.org\/wordpress\/wp-json\/wp\/v2\/tags?post=167"}],"curies":[{"name":"wp","href":"https:\/\/api.w.org\/{rel}","templated":true}]}}