{"id":169,"date":"2019-08-05T19:10:53","date_gmt":"2019-08-05T17:10:53","guid":{"rendered":"https:\/\/www.astroambiente.org\/wordpress\/2019\/08\/05\/10-08-2019-e-12-08-2019-le-notti-delle-perseidi\/"},"modified":"2019-08-05T19:10:53","modified_gmt":"2019-08-05T17:10:53","slug":"10-08-2019-e-12-08-2019-le-notti-delle-perseidi","status":"publish","type":"post","link":"https:\/\/www.astroambiente.org\/wordpress\/10-08-2019-e-12-08-2019-le-notti-delle-perseidi\/","title":{"rendered":"10\/08\/2019 e 12\/08\/2019 &#8211; Le notti delle Perseidi"},"content":{"rendered":"<p>Come ogni anno l\u2019Osservatorio ospita i visitatori che non vogliono perdere il tradizionale appuntamento con il fenomeno delle stelle cadenti d\u2019agosto, conosciute anche come Perseidi o \u201clacrime di San Lorenzo\u201d.<\/p>\n<p>Quest\u2019anno l\u2019appuntamento sar\u00e0 doppio: il tradizionale 10 agosto e la serata in cui \u00e8 previsto il picco del fenomeno, luned\u00ec 12.<\/p>\n<p>Verr\u00e0 allestito il piazzale esterno per avere la migliore visibilit\u00e0.<\/p>\n<p>\u00c8 gradita la prenotazione.<\/p>\n<p>\u00a0<\/p>\n<p>In caso di maltempo le osservazioni saranno sostituite dalla proiezione di immagini astronomiche riprese dall&#8217;osservatorio.<\/p>\n<p>\u00a0<\/p>\n<p><span style=\"text-decoration: underline; font-size: 10pt;\"><a href=\"https:\/\/www.astroambiente.org\/wordpress\/wp-content\/uploads\/2019\/08\/serata_10_12_08_2019.pdf\" rel=\"alternate\">SCARICA LA LOCANDINA<\/a><\/span><\/p>\n","protected":false},"excerpt":{"rendered":"<p>Come ogni anno l\u2019Osservatorio ospita i visitatori che non vogliono perdere il tradizionale appuntamento con il fenomeno delle stelle cadenti d\u2019agosto, conosciute anche come Perseidi o \u201clacrime di San Lorenzo\u201d. [&hellip;]<\/p>\n","protected":false},"author":1,"featured_media":0,"comment_status":"open","ping_status":"open","sticky":false,"template":"","format":"standard","meta":{"_price":"","_stock":"","_tribe_ticket_header":"","_tribe_default_ticket_provider":"","_tribe_ticket_capacity":"","_ticket_start_date":"","_ticket_end_date":"","_tribe_ticket_show_description":"","_tribe_ticket_show_not_going":false,"_tribe_ticket_use_global_stock":"","_tribe_ticket_global_stock_level":"","_global_stock_mode":"","_global_stock_cap":"","_tribe_rsvp_for_event":"","_tribe_ticket_going_count":"","_tribe_ticket_not_going_count":"","_tribe_tickets_list":"[]","_tribe_ticket_has_attendee_info_fields":false,"footnotes":""},"categories":[4],"tags":[],"class_list":["post-169","post","type-post","status-publish","format-standard","hentry","category-serate-pubbliche"],"blocksy_meta":[],"_links":{"self":[{"href":"https:\/\/www.astroambiente.org\/wordpress\/wp-json\/wp\/v2\/posts\/169","targetHints":{"allow":["GET"]}}],"collection":[{"href":"https:\/\/www.astroambiente.org\/wordpress\/wp-json\/wp\/v2\/posts"}],"about":[{"href":"https:\/\/www.astroambiente.org\/wordpress\/wp-json\/wp\/v2\/types\/post"}],"author":[{"embeddable":true,"href":"https:\/\/www.astroambiente.org\/wordpress\/wp-json\/wp\/v2\/users\/1"}],"replies":[{"embeddable":true,"href":"https:\/\/www.astroambiente.org\/wordpress\/wp-json\/wp\/v2\/comments?post=169"}],"version-history":[{"count":0,"href":"https:\/\/www.astroambiente.org\/wordpress\/wp-json\/wp\/v2\/posts\/169\/revisions"}],"wp:attachment":[{"href":"https:\/\/www.astroambiente.org\/wordpress\/wp-json\/wp\/v2\/media?parent=169"}],"wp:term":[{"taxonomy":"category","embeddable":true,"href":"https:\/\/www.astroambiente.org\/wordpress\/wp-json\/wp\/v2\/categories?post=169"},{"taxonomy":"post_tag","embeddable":true,"href":"https:\/\/www.astroambiente.org\/wordpress\/wp-json\/wp\/v2\/tags?post=169"}],"curies":[{"name":"wp","href":"https:\/\/api.w.org\/{rel}","templated":true}]}}