{"id":175,"date":"2019-09-18T23:01:55","date_gmt":"2019-09-18T21:01:55","guid":{"rendered":"https:\/\/www.astroambiente.org\/wordpress\/2019\/09\/18\/21-09-2019-gli-extraterrestri-e-la-vita\/"},"modified":"2019-09-18T23:01:55","modified_gmt":"2019-09-18T21:01:55","slug":"21-09-2019-gli-extraterrestri-e-la-vita","status":"publish","type":"post","link":"https:\/\/www.astroambiente.org\/wordpress\/21-09-2019-gli-extraterrestri-e-la-vita\/","title":{"rendered":"21\/09\/2019 &#8211; Gli extraterrestri e la vita"},"content":{"rendered":"<p>Siamo soli nell&#8217;universo? Potrebbero esserci altri pianeti simili alla terra e quindi altri mondi abitati? Scopriamo insieme le ricerche scientifiche che indagano su questi affascinanti interrogativi per conoscere sempre di pi\u00f9 il nostro passato e il nostro possibile futuro.<\/p>\n<p>Al termine della conferenza sar\u00e0 possibile osservale il cielo mediante la strumentazione dell\u2019osservatorio. In caso di maltempo le osservazioni saranno sostituite dalla proiezione di immagini astronomiche riprese dall&#8217;osservatorio.<\/p>\n<p>L&#8217;ingresso \u00e8 gratuito per i soci (la tessera del costo di 10\u20ac si potr\u00e0 fare all&#8217;ingresso e sar\u00e0 valida per tutto l&#8217;anno). In alternativa si pu\u00f2 fare una donazione.<\/p>\n<p>Vi aspettiamo numerosi!<\/p>\n<p><span style=\"text-decoration: underline; font-size: 12pt;\"><a title=\"Locandina\" href=\"https:\/\/www.astroambiente.org\/wordpress\/wp-content\/uploads\/2019\/09\/serata_21_09_2019.pdf\" target=\"_blank\" rel=\"alternate\">Scarica la locandina<\/a><\/span><\/p>\n","protected":false},"excerpt":{"rendered":"<p>Siamo soli nell&#8217;universo? Potrebbero esserci altri pianeti simili alla terra e quindi altri mondi abitati? Scopriamo insieme le ricerche scientifiche che indagano su questi affascinanti interrogativi per conoscere sempre di [&hellip;]<\/p>\n","protected":false},"author":1,"featured_media":0,"comment_status":"open","ping_status":"open","sticky":false,"template":"","format":"standard","meta":{"_price":"","_stock":"","_tribe_ticket_header":"","_tribe_default_ticket_provider":"","_tribe_ticket_capacity":"","_ticket_start_date":"","_ticket_end_date":"","_tribe_ticket_show_description":"","_tribe_ticket_show_not_going":false,"_tribe_ticket_use_global_stock":"","_tribe_ticket_global_stock_level":"","_global_stock_mode":"","_global_stock_cap":"","_tribe_rsvp_for_event":"","_tribe_ticket_going_count":"","_tribe_ticket_not_going_count":"","_tribe_tickets_list":"[]","_tribe_ticket_has_attendee_info_fields":false,"footnotes":""},"categories":[4],"tags":[],"class_list":["post-175","post","type-post","status-publish","format-standard","hentry","category-serate-pubbliche"],"blocksy_meta":[],"_links":{"self":[{"href":"https:\/\/www.astroambiente.org\/wordpress\/wp-json\/wp\/v2\/posts\/175","targetHints":{"allow":["GET"]}}],"collection":[{"href":"https:\/\/www.astroambiente.org\/wordpress\/wp-json\/wp\/v2\/posts"}],"about":[{"href":"https:\/\/www.astroambiente.org\/wordpress\/wp-json\/wp\/v2\/types\/post"}],"author":[{"embeddable":true,"href":"https:\/\/www.astroambiente.org\/wordpress\/wp-json\/wp\/v2\/users\/1"}],"replies":[{"embeddable":true,"href":"https:\/\/www.astroambiente.org\/wordpress\/wp-json\/wp\/v2\/comments?post=175"}],"version-history":[{"count":0,"href":"https:\/\/www.astroambiente.org\/wordpress\/wp-json\/wp\/v2\/posts\/175\/revisions"}],"wp:attachment":[{"href":"https:\/\/www.astroambiente.org\/wordpress\/wp-json\/wp\/v2\/media?parent=175"}],"wp:term":[{"taxonomy":"category","embeddable":true,"href":"https:\/\/www.astroambiente.org\/wordpress\/wp-json\/wp\/v2\/categories?post=175"},{"taxonomy":"post_tag","embeddable":true,"href":"https:\/\/www.astroambiente.org\/wordpress\/wp-json\/wp\/v2\/tags?post=175"}],"curies":[{"name":"wp","href":"https:\/\/api.w.org\/{rel}","templated":true}]}}