{"id":179,"date":"2019-10-19T13:47:04","date_gmt":"2019-10-19T11:47:04","guid":{"rendered":"https:\/\/www.astroambiente.org\/wordpress\/2019\/10\/19\/26-10-2019-origine-ed-evoluzione-del-sistema-solare\/"},"modified":"2019-10-19T13:47:04","modified_gmt":"2019-10-19T11:47:04","slug":"26-10-2019-origine-ed-evoluzione-del-sistema-solare","status":"publish","type":"post","link":"https:\/\/www.astroambiente.org\/wordpress\/26-10-2019-origine-ed-evoluzione-del-sistema-solare\/","title":{"rendered":"26\/10\/2019 &#8211; Origine ed evoluzione del Sistema Solare"},"content":{"rendered":"<p>Il Sistema Solare si form\u00f2 circa 4,6 miliardi di anni fa. Ci sono diversi ipotesi sulla sua origine, tra cui quella pi\u00f9 famosa e accreditata \u00e8 quella nebulare. Durante questa serata spiegheremo cosa affermano questa e le altre ipotesi, come \u00e8 nato il resto del Sistema Solare, come si \u00e8 evoluto e quali sono i pianeti che lo abitano.<\/p>\n<p>\u00a0<\/p>\n<p>Al termine della conferenza sar\u00e0 possibile osservare il cielo mediante la strumentazione dell\u2019osservatorio. In caso di maltempo le osservazioni saranno sostituite dalla proiezione di immagini astronomiche riprese dall&#8217;osservatorio.<\/p>\n<p>L&#8217;ingresso \u00e8 gratuito per i soci (la tessera del costo di 10\u20ac si potr\u00e0 fare all&#8217;ingresso e sar\u00e0 valida per tutto l&#8217;anno). In alternativa si pu\u00f2 fare una donazione.<\/p>\n<p>Vi aspettiamo numerosi!<\/p>\n<p><span style=\"text-decoration: underline;\"><span style=\"font-size: 12pt;\"><strong><a title=\"Locandina\" href=\"https:\/\/www.astroambiente.org\/wordpress\/wp-content\/uploads\/2019\/10\/serata_26_10_2019.pdf\" target=\"_blank\" rel=\"alternate\">Scarica la locandina<\/a><\/strong><\/span><\/span><\/p>\n","protected":false},"excerpt":{"rendered":"<p>Il Sistema Solare si form\u00f2 circa 4,6 miliardi di anni fa. Ci sono diversi ipotesi sulla sua origine, tra cui quella pi\u00f9 famosa e accreditata \u00e8 quella nebulare. Durante questa [&hellip;]<\/p>\n","protected":false},"author":1,"featured_media":0,"comment_status":"open","ping_status":"open","sticky":false,"template":"","format":"standard","meta":{"_price":"","_stock":"","_tribe_ticket_header":"","_tribe_default_ticket_provider":"","_tribe_ticket_capacity":"","_ticket_start_date":"","_ticket_end_date":"","_tribe_ticket_show_description":"","_tribe_ticket_show_not_going":false,"_tribe_ticket_use_global_stock":"","_tribe_ticket_global_stock_level":"","_global_stock_mode":"","_global_stock_cap":"","_tribe_rsvp_for_event":"","_tribe_ticket_going_count":"","_tribe_ticket_not_going_count":"","_tribe_tickets_list":"[]","_tribe_ticket_has_attendee_info_fields":false,"footnotes":""},"categories":[4],"tags":[],"class_list":["post-179","post","type-post","status-publish","format-standard","hentry","category-serate-pubbliche"],"blocksy_meta":[],"_links":{"self":[{"href":"https:\/\/www.astroambiente.org\/wordpress\/wp-json\/wp\/v2\/posts\/179","targetHints":{"allow":["GET"]}}],"collection":[{"href":"https:\/\/www.astroambiente.org\/wordpress\/wp-json\/wp\/v2\/posts"}],"about":[{"href":"https:\/\/www.astroambiente.org\/wordpress\/wp-json\/wp\/v2\/types\/post"}],"author":[{"embeddable":true,"href":"https:\/\/www.astroambiente.org\/wordpress\/wp-json\/wp\/v2\/users\/1"}],"replies":[{"embeddable":true,"href":"https:\/\/www.astroambiente.org\/wordpress\/wp-json\/wp\/v2\/comments?post=179"}],"version-history":[{"count":0,"href":"https:\/\/www.astroambiente.org\/wordpress\/wp-json\/wp\/v2\/posts\/179\/revisions"}],"wp:attachment":[{"href":"https:\/\/www.astroambiente.org\/wordpress\/wp-json\/wp\/v2\/media?parent=179"}],"wp:term":[{"taxonomy":"category","embeddable":true,"href":"https:\/\/www.astroambiente.org\/wordpress\/wp-json\/wp\/v2\/categories?post=179"},{"taxonomy":"post_tag","embeddable":true,"href":"https:\/\/www.astroambiente.org\/wordpress\/wp-json\/wp\/v2\/tags?post=179"}],"curies":[{"name":"wp","href":"https:\/\/api.w.org\/{rel}","templated":true}]}}