{"id":238,"date":"2021-06-28T17:29:12","date_gmt":"2021-06-28T15:29:12","guid":{"rendered":"https:\/\/www.astroambiente.org\/wordpress\/2021\/06\/28\/03-07-2021-gli-esopianeti-di-proxima-centauri\/"},"modified":"2021-06-28T17:29:12","modified_gmt":"2021-06-28T15:29:12","slug":"03-07-2021-gli-esopianeti-di-proxima-centauri","status":"publish","type":"post","link":"https:\/\/www.astroambiente.org\/wordpress\/03-07-2021-gli-esopianeti-di-proxima-centauri\/","title":{"rendered":"03\/07\/2021 &#8211; Gli esopianeti di Proxima Centauri"},"content":{"rendered":"<p>Bentornati in Osservatorio!<\/p>\n<p>Questa conferenza si terr\u00e0 in presenza in Osservatorio, sempre nel rispetto delle normative anti-COVID, augurandoci sia la prima di una lunga serie. Vi aspettiamo con un ricco buffet e tanto entusiasmo!<\/p>\n<p>Ci sar\u00e0 anche spazio per una conferenza divulgativa sugli esopianeti di Proxima Centauri, la stella pi\u00f9 vicina a noi dopo il Sole.<\/p>\n<p>Vi aspettiamo dalle ore 21!<\/p>\n<p>La conferenza si terr\u00e0 sabato 3 luglio, e sar\u00e0 tenuta\u00a0dal Dott. Roberto Maccagnola.<\/p>\n<p>Prenota il tuo posto!<\/p>\n<p>COME PRENOTARE?<br \/>1. Collegarsi al sito https:\/\/www.officinescuola.it\/eventi\/admin\/dettaglio.php?ev=1030<br \/>2. Accedere oppure registrarsi, cliccando su &#8220;Registrati&#8221; (obbligatorio il codice fiscale e la conferma della presa visione della privacy).<br \/>3. Cliccare su &#8220;Il programma&#8221;<br \/>4. Cliccare su &#8220;3 Luglio 2021&#8221;<br \/>5. Cliccare su &#8220;Dettagli e iscrizione&#8221;<br \/>6. Cliccare su &#8220;Iscriviti&#8221;<br \/>7. Cliccare su &#8220;Ok&#8221;<br \/>8. Arriver\u00e0 una mail con la conferma dell&#8217;avvenuta iscrizione e il QR code. Stampatelo e\/o mostratelo all&#8217;ingresso della conferenza.<\/p>\n<p>NB.: Solamente chi \u00e8 gi\u00e0 iscritto all&#8217;associazione di promozione sociale Astronomia e Ambiente pu\u00f2 prenotare!<br \/>Per iscriversi, compilare il form al seguente link:<br \/>https:\/\/docs.google.com\/forms\/d\/e\/1FAIpQLSdw3tBIw0OIyz2gPhHfM9L_GzUSzcubYu9CUNCnp9rw2CkDeA\/viewform<br \/>(\u00e8 possibile pagare la quota associativa di 10\u20ac all&#8217;ingresso).<\/p>\n<p>Vi aspettiamo numerosi!<\/p>\n<p><img loading=\"lazy\" decoding=\"async\" class=\" size-full wp-image-237\" src=\"https:\/\/www.astroambiente.org\/wordpress\/wp-content\/uploads\/2021\/06\/Esopianeti_IG.jpeg\" alt=\"\" width=\"1600\" height=\"1588\" srcset=\"https:\/\/www.astroambiente.org\/wordpress\/wp-content\/uploads\/2021\/06\/Esopianeti_IG.jpeg 1600w, https:\/\/www.astroambiente.org\/wordpress\/wp-content\/uploads\/2021\/06\/Esopianeti_IG-300x298.jpeg 300w, https:\/\/www.astroambiente.org\/wordpress\/wp-content\/uploads\/2021\/06\/Esopianeti_IG-1024x1016.jpeg 1024w, https:\/\/www.astroambiente.org\/wordpress\/wp-content\/uploads\/2021\/06\/Esopianeti_IG-150x150.jpeg 150w, https:\/\/www.astroambiente.org\/wordpress\/wp-content\/uploads\/2021\/06\/Esopianeti_IG-768x762.jpeg 768w, https:\/\/www.astroambiente.org\/wordpress\/wp-content\/uploads\/2021\/06\/Esopianeti_IG-1536x1524.jpeg 1536w\" sizes=\"auto, (max-width: 1600px) 100vw, 1600px\" \/><\/p>\n","protected":false},"excerpt":{"rendered":"<p>Bentornati in Osservatorio! Questa conferenza si terr\u00e0 in presenza in Osservatorio, sempre nel rispetto delle normative anti-COVID, augurandoci sia la prima di una lunga serie. Vi aspettiamo con un ricco [&hellip;]<\/p>\n","protected":false},"author":1,"featured_media":237,"comment_status":"open","ping_status":"open","sticky":false,"template":"","format":"standard","meta":{"_price":"","_stock":"","_tribe_ticket_header":"","_tribe_default_ticket_provider":"","_tribe_ticket_capacity":"","_ticket_start_date":"","_ticket_end_date":"","_tribe_ticket_show_description":"","_tribe_ticket_show_not_going":false,"_tribe_ticket_use_global_stock":"","_tribe_ticket_global_stock_level":"","_global_stock_mode":"","_global_stock_cap":"","_tribe_rsvp_for_event":"","_tribe_ticket_going_count":"","_tribe_ticket_not_going_count":"","_tribe_tickets_list":"[]","_tribe_ticket_has_attendee_info_fields":false,"footnotes":""},"categories":[4],"tags":[],"class_list":["post-238","post","type-post","status-publish","format-standard","has-post-thumbnail","hentry","category-serate-pubbliche"],"blocksy_meta":[],"_links":{"self":[{"href":"https:\/\/www.astroambiente.org\/wordpress\/wp-json\/wp\/v2\/posts\/238","targetHints":{"allow":["GET"]}}],"collection":[{"href":"https:\/\/www.astroambiente.org\/wordpress\/wp-json\/wp\/v2\/posts"}],"about":[{"href":"https:\/\/www.astroambiente.org\/wordpress\/wp-json\/wp\/v2\/types\/post"}],"author":[{"embeddable":true,"href":"https:\/\/www.astroambiente.org\/wordpress\/wp-json\/wp\/v2\/users\/1"}],"replies":[{"embeddable":true,"href":"https:\/\/www.astroambiente.org\/wordpress\/wp-json\/wp\/v2\/comments?post=238"}],"version-history":[{"count":0,"href":"https:\/\/www.astroambiente.org\/wordpress\/wp-json\/wp\/v2\/posts\/238\/revisions"}],"wp:featuredmedia":[{"embeddable":true,"href":"https:\/\/www.astroambiente.org\/wordpress\/wp-json\/wp\/v2\/media\/237"}],"wp:attachment":[{"href":"https:\/\/www.astroambiente.org\/wordpress\/wp-json\/wp\/v2\/media?parent=238"}],"wp:term":[{"taxonomy":"category","embeddable":true,"href":"https:\/\/www.astroambiente.org\/wordpress\/wp-json\/wp\/v2\/categories?post=238"},{"taxonomy":"post_tag","embeddable":true,"href":"https:\/\/www.astroambiente.org\/wordpress\/wp-json\/wp\/v2\/tags?post=238"}],"curies":[{"name":"wp","href":"https:\/\/api.w.org\/{rel}","templated":true}]}}