{"id":323,"date":"2022-09-22T16:44:58","date_gmt":"2022-09-22T14:44:58","guid":{"rendered":"https:\/\/www.astroambiente.org\/wordpress\/2022\/09\/22\/26-11-2022-50-anni-dall-apollo-17\/"},"modified":"2022-09-22T16:44:58","modified_gmt":"2022-09-22T14:44:58","slug":"26-11-2022-50-anni-dall-apollo-17","status":"publish","type":"post","link":"https:\/\/www.astroambiente.org\/wordpress\/26-11-2022-50-anni-dall-apollo-17\/","title":{"rendered":"26\/11\/2022 &#8211; 50 anni dall&#8217;Apollo 17"},"content":{"rendered":"<div class=\"kvgmc6g5 cxmmr5t8 oygrvhab hcukyx3x c1et5uql\">Mezzo secolo \u00e8 gi\u00e0 passato da quando un uomo ha messo piede per ultimo sulla Luna.<\/div>\n<div class=\"kvgmc6g5 cxmmr5t8 oygrvhab hcukyx3x c1et5uql\">Ripercorriamo insieme quel viaggio, con un occhio rivolto ai nuovi viaggi in programma.<\/div>\n<div class=\"kvgmc6g5 cxmmr5t8 oygrvhab hcukyx3x c1et5uql\">\u00a0<\/div>\n<div class=\"cxmmr5t8 oygrvhab hcukyx3x c1et5uql o9v6fnle\">Prenota il tuo posto per questa serata!<\/div>\n<div class=\"cxmmr5t8 oygrvhab hcukyx3x c1et5uql o9v6fnle\">\u00a0<\/div>\n<div class=\"cxmmr5t8 oygrvhab hcukyx3x c1et5uql o9v6fnle\">COME PRENOTARE?<br \/>1. Collegarsi al sito\u00a0<strong><span style=\"text-decoration: underline;\"><a class=\"oajrlxb2 g5ia77u1 qu0x051f esr5mh6w e9989ue4 r7d6kgcz rq0escxv nhd2j8a9 nc684nl6 p7hjln8o kvgmc6g5 cxmmr5t8 oygrvhab hcukyx3x jb3vyjys rz4wbd8a qt6c0cv9 a8nywdso i1ao9s8h esuyzwwr f1sip0of lzcic4wl gpro0wi8 py34i1dx\" tabindex=\"0\" href=\"https:\/\/www.officinescuola.it\/eventi\/admin\/dettaglio.php?ev=1143\" target=\"_blank\" rel=\"nofollow noopener\">https:\/\/www.officinescuola.it\/eventi\/admin\/dettaglio.php?ev=1143<\/a><\/span><\/strong><br \/>2. Accedere oppure registrarsi, cliccando su &#8220;Registrati&#8221; (obbligatorio il codice fiscale e la conferma della presa visione della privacy).<br \/>3. Cliccare su &#8220;Il programma&#8221;<br \/>4. Cliccare su &#8220;26 Novembre 2022&#8221;<br \/>5. Cliccare su &#8220;Dettagli e iscrizione&#8221;<br \/>6. Cliccare su &#8220;Iscriviti&#8221;<br \/>7. Cliccare su &#8220;Ok&#8221;<br \/>8. Arriver\u00e0 una mail con la conferma dell&#8217;avvenuta iscrizione e il QR code. Stampatelo e\/o mostratelo all&#8217;ingresso della conferenza.<\/div>\n<div class=\"cxmmr5t8 oygrvhab hcukyx3x c1et5uql o9v6fnle\">\u00a0<\/div>\n<div class=\"cxmmr5t8 oygrvhab hcukyx3x c1et5uql o9v6fnle\">\u00a0<\/div>\n<div class=\"cxmmr5t8 oygrvhab hcukyx3x c1et5uql o9v6fnle\">NB.: Solamente chi \u00e8 gi\u00e0 iscritto all&#8217;associazione di promozione sociale Astronomia e Ambiente pu\u00f2 prenotare!<br \/>Per iscriversi, compilare il form al seguente link:\u00a0<strong><span style=\"text-decoration: underline;\"><a class=\"oajrlxb2 g5ia77u1 qu0x051f esr5mh6w e9989ue4 r7d6kgcz rq0escxv nhd2j8a9 nc684nl6 p7hjln8o kvgmc6g5 cxmmr5t8 oygrvhab hcukyx3x jb3vyjys rz4wbd8a qt6c0cv9 a8nywdso i1ao9s8h esuyzwwr f1sip0of lzcic4wl gpro0wi8 py34i1dx\" tabindex=\"0\" href=\"https:\/\/docs.google.com\/forms\/d\/e\/1FAIpQLSdw3tBIw0OIyz2gPhHfM9L_GzUSzcubYu9CUNCnp9rw2CkDeA\/viewform\" target=\"_blank\" rel=\"nofollow noopener\">LINK FORM<\/a><\/span><\/strong>\u00a0(\u00e8 possibile pagare la quota associativa di 10\u20ac all&#8217;ingresso).<\/div>\n<div class=\"cxmmr5t8 oygrvhab hcukyx3x c1et5uql o9v6fnle\">\u00a0<\/div>\n<div class=\"cxmmr5t8 oygrvhab hcukyx3x c1et5uql o9v6fnle\">\u00a0<\/div>\n<div class=\"cxmmr5t8 oygrvhab hcukyx3x c1et5uql o9v6fnle\">Vi aspettiamo numerosi!!<\/div>\n<div class=\"cxmmr5t8 oygrvhab hcukyx3x c1et5uql o9v6fnle\">\u00a0<\/div>\n<div class=\"cxmmr5t8 oygrvhab hcukyx3x c1et5uql o9v6fnle\"><img loading=\"lazy\" decoding=\"async\" class=\" size-full wp-image-317\" src=\"https:\/\/www.astroambiente.org\/wordpress\/wp-content\/uploads\/2022\/09\/26-11-22-apollo.png\" alt=\"\" width=\"1587\" height=\"2245\" srcset=\"https:\/\/www.astroambiente.org\/wordpress\/wp-content\/uploads\/2022\/09\/26-11-22-apollo.png 1587w, https:\/\/www.astroambiente.org\/wordpress\/wp-content\/uploads\/2022\/09\/26-11-22-apollo-212x300.png 212w, https:\/\/www.astroambiente.org\/wordpress\/wp-content\/uploads\/2022\/09\/26-11-22-apollo-724x1024.png 724w, https:\/\/www.astroambiente.org\/wordpress\/wp-content\/uploads\/2022\/09\/26-11-22-apollo-768x1086.png 768w, https:\/\/www.astroambiente.org\/wordpress\/wp-content\/uploads\/2022\/09\/26-11-22-apollo-1086x1536.png 1086w, https:\/\/www.astroambiente.org\/wordpress\/wp-content\/uploads\/2022\/09\/26-11-22-apollo-1448x2048.png 1448w\" sizes=\"auto, (max-width: 1587px) 100vw, 1587px\" \/><\/div>\n","protected":false},"excerpt":{"rendered":"<p>Mezzo secolo \u00e8 gi\u00e0 passato da quando un uomo ha messo piede per ultimo sulla Luna. Ripercorriamo insieme quel viaggio, con un occhio rivolto ai nuovi viaggi in programma. \u00a0 [&hellip;]<\/p>\n","protected":false},"author":1,"featured_media":317,"comment_status":"open","ping_status":"open","sticky":false,"template":"","format":"standard","meta":{"_price":"","_stock":"","_tribe_ticket_header":"","_tribe_default_ticket_provider":"","_tribe_ticket_capacity":"","_ticket_start_date":"","_ticket_end_date":"","_tribe_ticket_show_description":"","_tribe_ticket_show_not_going":false,"_tribe_ticket_use_global_stock":"","_tribe_ticket_global_stock_level":"","_global_stock_mode":"","_global_stock_cap":"","_tribe_rsvp_for_event":"","_tribe_ticket_going_count":"","_tribe_ticket_not_going_count":"","_tribe_tickets_list":"[]","_tribe_ticket_has_attendee_info_fields":false,"footnotes":""},"categories":[4],"tags":[],"class_list":["post-323","post","type-post","status-publish","format-standard","has-post-thumbnail","hentry","category-serate-pubbliche"],"blocksy_meta":[],"_links":{"self":[{"href":"https:\/\/www.astroambiente.org\/wordpress\/wp-json\/wp\/v2\/posts\/323","targetHints":{"allow":["GET"]}}],"collection":[{"href":"https:\/\/www.astroambiente.org\/wordpress\/wp-json\/wp\/v2\/posts"}],"about":[{"href":"https:\/\/www.astroambiente.org\/wordpress\/wp-json\/wp\/v2\/types\/post"}],"author":[{"embeddable":true,"href":"https:\/\/www.astroambiente.org\/wordpress\/wp-json\/wp\/v2\/users\/1"}],"replies":[{"embeddable":true,"href":"https:\/\/www.astroambiente.org\/wordpress\/wp-json\/wp\/v2\/comments?post=323"}],"version-history":[{"count":0,"href":"https:\/\/www.astroambiente.org\/wordpress\/wp-json\/wp\/v2\/posts\/323\/revisions"}],"wp:featuredmedia":[{"embeddable":true,"href":"https:\/\/www.astroambiente.org\/wordpress\/wp-json\/wp\/v2\/media\/317"}],"wp:attachment":[{"href":"https:\/\/www.astroambiente.org\/wordpress\/wp-json\/wp\/v2\/media?parent=323"}],"wp:term":[{"taxonomy":"category","embeddable":true,"href":"https:\/\/www.astroambiente.org\/wordpress\/wp-json\/wp\/v2\/categories?post=323"},{"taxonomy":"post_tag","embeddable":true,"href":"https:\/\/www.astroambiente.org\/wordpress\/wp-json\/wp\/v2\/tags?post=323"}],"curies":[{"name":"wp","href":"https:\/\/api.w.org\/{rel}","templated":true}]}}