{"id":346,"date":"2023-01-31T18:50:10","date_gmt":"2023-01-31T17:50:10","guid":{"rendered":"https:\/\/www.astroambiente.org\/wordpress\/2023\/01\/31\/la-cometa-di-neanderthal-ii-3\/"},"modified":"2023-01-31T18:50:10","modified_gmt":"2023-01-31T17:50:10","slug":"la-cometa-di-neanderthal-ii-3","status":"publish","type":"post","link":"https:\/\/www.astroambiente.org\/wordpress\/la-cometa-di-neanderthal-ii-3\/","title":{"rendered":"La cometa di Neanderthal &#8211; parte II"},"content":{"rendered":"<p>Un nuovo appuntamento per osservare la cometa pi\u00f9 luminosa degli ultimi anni. Sabato 11 febbraio, a partire dalle 21:00, presso l&#8217;Osservatorio di Casasco i visitatori potranno osservare insieme a noi la cometa C\/2022 E3 (ZTF), che in questi giorni sta passando in prossimit\u00e0 della Terra.<\/p>\n<p>Questa cometa, una delle pi\u00f9 luminosa degli ultimi anni, \u00e8 stata soprannominata &#8220;la cometa di Neanderthal&#8221; perch\u00e9 si ritiene che il precedente passaggio nelle regioni pi\u00f9 interne del sistema solare sia avvenuto circa 50000 anni fa, quando oltre ai nostri antenati Homo Sapiens probabilmente anche gli uomini di Neanderthal poterono osservarla.<\/p>\n<div class=\"cxmmr5t8 oygrvhab hcukyx3x c1et5uql o9v6fnle\">COME PRENOTARE?<br \/>1. Collegarsi al sito\u00a0<strong><span style=\"text-decoration: underline;\"><a class=\"oajrlxb2 g5ia77u1 qu0x051f esr5mh6w e9989ue4 r7d6kgcz rq0escxv nhd2j8a9 nc684nl6 p7hjln8o kvgmc6g5 cxmmr5t8 oygrvhab hcukyx3x jb3vyjys rz4wbd8a qt6c0cv9 a8nywdso i1ao9s8h esuyzwwr f1sip0of lzcic4wl gpro0wi8 py34i1dx\" tabindex=\"0\" href=\"https:\/\/www.officinescuola.it\/eventi\" target=\"_blank\" rel=\"nofollow noopener\">https:\/\/www.officinescuola.it\/eventi\/<\/a><\/span><\/strong><br \/>2. Accedere oppure registrarsi, cliccando su &#8220;Registrati&#8221; (obbligatorio il codice fiscale e la conferma della presa visione della privacy).<br \/>3. Cliccare su &#8220;Il programma&#8221;<br \/>4. Cliccare su &#8220;11 febbraio 2023&#8221;<br \/>5. Cliccare su &#8220;Dettagli e iscrizione&#8221;<br \/>6. Cliccare su &#8220;Iscriviti&#8221;<br \/>7. Cliccare su &#8220;Ok&#8221;<br \/>8. Arriver\u00e0 una mail con la conferma dell&#8217;avvenuta iscrizione e il QR code. Stampatelo e\/o mostratelo all&#8217;ingresso della conferenza.<\/div>\n<div class=\"cxmmr5t8 oygrvhab hcukyx3x c1et5uql o9v6fnle\">\u00a0<\/div>\n<p>L&#8217;ingresso \u00e8 gratuito per chi \u00e8 gi\u00e0 iscritto all&#8217;associazione di promozione sociale Astronomia e Ambiente!<\/p>\n<div class=\"cxmmr5t8 oygrvhab hcukyx3x c1et5uql o9v6fnle\">Per iscriversi, compilare il form al seguente link:\u00a0<strong><span style=\"text-decoration: underline;\"><a class=\"oajrlxb2 g5ia77u1 qu0x051f esr5mh6w e9989ue4 r7d6kgcz rq0escxv nhd2j8a9 nc684nl6 p7hjln8o kvgmc6g5 cxmmr5t8 oygrvhab hcukyx3x jb3vyjys rz4wbd8a qt6c0cv9 a8nywdso i1ao9s8h esuyzwwr f1sip0of lzcic4wl gpro0wi8 py34i1dx\" tabindex=\"0\" href=\"https:\/\/docs.google.com\/forms\/d\/e\/1FAIpQLSdw3tBIw0OIyz2gPhHfM9L_GzUSzcubYu9CUNCnp9rw2CkDeA\/viewform\" target=\"_blank\" rel=\"nofollow noopener\">LINK FORM<\/a><\/span><\/strong>\u00a0(\u00e8 possibile pagare la quota associativa di 10\u20ac all&#8217;ingresso).<\/div>\n<div><img decoding=\"async\" class=\" size-full wp-image-334\" style=\"width: 691px;\" src=\"https:\/\/www.astroambiente.org\/wordpress\/wp-content\/uploads\/2023\/01\/C2022E3ZTF_borghini.jpg\" alt=\"\" height=\"409\" srcset=\"https:\/\/www.astroambiente.org\/wordpress\/wp-content\/uploads\/2023\/01\/C2022E3ZTF_borghini.jpg 1826w, https:\/\/www.astroambiente.org\/wordpress\/wp-content\/uploads\/2023\/01\/C2022E3ZTF_borghini-300x177.jpg 300w, https:\/\/www.astroambiente.org\/wordpress\/wp-content\/uploads\/2023\/01\/C2022E3ZTF_borghini-1024x606.jpg 1024w, https:\/\/www.astroambiente.org\/wordpress\/wp-content\/uploads\/2023\/01\/C2022E3ZTF_borghini-768x454.jpg 768w, https:\/\/www.astroambiente.org\/wordpress\/wp-content\/uploads\/2023\/01\/C2022E3ZTF_borghini-1536x908.jpg 1536w\" sizes=\"(max-width: 1826px) 100vw, 1826px\" \/><\/div>\n","protected":false},"excerpt":{"rendered":"<p>Un nuovo appuntamento per osservare la cometa pi\u00f9 luminosa degli ultimi anni. Sabato 11 febbraio, a partire dalle 21:00, presso l&#8217;Osservatorio di Casasco i visitatori potranno osservare insieme a noi [&hellip;]<\/p>\n","protected":false},"author":1,"featured_media":334,"comment_status":"open","ping_status":"open","sticky":true,"template":"","format":"standard","meta":{"_price":"","_stock":"","_tribe_ticket_header":"","_tribe_default_ticket_provider":"","_tribe_ticket_capacity":"","_ticket_start_date":"","_ticket_end_date":"","_tribe_ticket_show_description":"","_tribe_ticket_show_not_going":false,"_tribe_ticket_use_global_stock":"","_tribe_ticket_global_stock_level":"","_global_stock_mode":"","_global_stock_cap":"","_tribe_rsvp_for_event":"","_tribe_ticket_going_count":"","_tribe_ticket_not_going_count":"","_tribe_tickets_list":"[]","_tribe_ticket_has_attendee_info_fields":false,"footnotes":""},"categories":[4],"tags":[],"class_list":["post-346","post","type-post","status-publish","format-standard","has-post-thumbnail","hentry","category-serate-pubbliche"],"blocksy_meta":[],"_links":{"self":[{"href":"https:\/\/www.astroambiente.org\/wordpress\/wp-json\/wp\/v2\/posts\/346","targetHints":{"allow":["GET"]}}],"collection":[{"href":"https:\/\/www.astroambiente.org\/wordpress\/wp-json\/wp\/v2\/posts"}],"about":[{"href":"https:\/\/www.astroambiente.org\/wordpress\/wp-json\/wp\/v2\/types\/post"}],"author":[{"embeddable":true,"href":"https:\/\/www.astroambiente.org\/wordpress\/wp-json\/wp\/v2\/users\/1"}],"replies":[{"embeddable":true,"href":"https:\/\/www.astroambiente.org\/wordpress\/wp-json\/wp\/v2\/comments?post=346"}],"version-history":[{"count":0,"href":"https:\/\/www.astroambiente.org\/wordpress\/wp-json\/wp\/v2\/posts\/346\/revisions"}],"wp:featuredmedia":[{"embeddable":true,"href":"https:\/\/www.astroambiente.org\/wordpress\/wp-json\/wp\/v2\/media\/334"}],"wp:attachment":[{"href":"https:\/\/www.astroambiente.org\/wordpress\/wp-json\/wp\/v2\/media?parent=346"}],"wp:term":[{"taxonomy":"category","embeddable":true,"href":"https:\/\/www.astroambiente.org\/wordpress\/wp-json\/wp\/v2\/categories?post=346"},{"taxonomy":"post_tag","embeddable":true,"href":"https:\/\/www.astroambiente.org\/wordpress\/wp-json\/wp\/v2\/tags?post=346"}],"curies":[{"name":"wp","href":"https:\/\/api.w.org\/{rel}","templated":true}]}}