{"id":380,"date":"2023-05-24T10:14:40","date_gmt":"2023-05-24T08:14:40","guid":{"rendered":"https:\/\/www.astroambiente.org\/wordpress\/2023\/05\/24\/27-05-2023-il-sole-nero-il-fascino-delle-eclissi-di-sole-tra-mito-e-scienza-3\/"},"modified":"2023-05-24T10:14:40","modified_gmt":"2023-05-24T08:14:40","slug":"27-05-2023-il-sole-nero-il-fascino-delle-eclissi-di-sole-tra-mito-e-scienza-3","status":"publish","type":"post","link":"https:\/\/www.astroambiente.org\/wordpress\/27-05-2023-il-sole-nero-il-fascino-delle-eclissi-di-sole-tra-mito-e-scienza-3\/","title":{"rendered":"27\/05\/2023 &#8211; Il Sole nero: il fascino delle eclissi di Sole tra mito e scienza"},"content":{"rendered":"<p>Alcuni recenti documenti riportano osservazioni di eclissi solari risalenti a 4.000 anni fa.<br \/>In epoche pi\u00f9 recenti, al di l\u00e0 dei miti e delle paure legati a quelle antiche osservazioni, i moderni telescopi consentono anche a noi astrofili di<br \/>osservare e fotografare questi spettacolari eventi.<\/p>\n<p>La prossima eclissi parziale di sole del 2026 sar\u00e0 visibile anche dall&#8217;Italia.<\/p>\n<p>COME PRENOTARE?<br \/>1. Collegarsi al sito\u00a0<a href=\"https:\/\/www.officinescuola.it\/eventi\/\" target=\"_blank\" rel=\"noreferrer\" data-saferedirecturl=\"https:\/\/www.google.com\/url?q=https:\/\/www.officinescuola.it\/eventi\/&amp;source=gmail&amp;ust=1685002454328000&amp;usg=AOvVaw1eFU9w5pfrkBx1916JVeyK\">https:\/\/www.officinescuola.it\/<wbr \/>eventi\/<\/a><br \/>2. Accedere oppure registrarsi, cliccando su &#8220;Registrati&#8221; (obbligatorio il codice fiscale e la conferma della presa visione della privacy).<br \/>3. Cliccare su &#8220;Il programma&#8221;<br \/>4. Cliccare su &#8220;29 aprile 2023&#8221;<br \/>5. Cliccare su &#8220;Dettagli e iscrizione&#8221;<br \/>6. Cliccare su &#8220;Iscriviti&#8221;<br \/>7. Cliccare su &#8220;Ok&#8221;<br \/>8. Arriver\u00e0 una mail con la conferma dell&#8217;avvenuta iscrizione e il QR code. Stampatelo e\/o mostratelo all&#8217;ingresso della conferenza.<br \/>L&#8217;ingresso \u00e8 gratuito per chi \u00e8 gi\u00e0 iscritto all&#8217;associazione di promozione sociale Astronomia e Ambiente.<br \/>Per iscriversi, compilare il form al seguente link:<br \/><a href=\"https:\/\/docs.google.com\/forms\/d\/e\/1FAIpQLSdw3tBIw0OIyz2gPhHfM9L_GzUSzcubYu9CUNCnp9rw2CkDeA\/viewform\" target=\"_blank\" rel=\"noreferrer\" data-saferedirecturl=\"https:\/\/www.google.com\/url?q=https:\/\/docs.google.com\/forms\/d\/e\/1FAIpQLSdw3tBIw0OIyz2gPhHfM9L_GzUSzcubYu9CUNCnp9rw2CkDeA\/viewform&amp;source=gmail&amp;ust=1685002454328000&amp;usg=AOvVaw3jZlFtepPEgZdKSLU69k51\">https:\/\/docs.google.com\/forms\/<wbr \/>d\/e\/1FAIpQLSdw3tBIw0OIyz2gPhHf<wbr \/>M9L_GzUSzcubYu9CUNCnp9rw2CkDeA<wbr \/>\/viewform<\/a>\u00a0(\u00e8 possibile pagare la quota associativa di 10\u20ac<br \/>all&#8217;ingresso).<\/p>\n","protected":false},"excerpt":{"rendered":"<p>Alcuni recenti documenti riportano osservazioni di eclissi solari risalenti a 4.000 anni fa.In epoche pi\u00f9 recenti, al di l\u00e0 dei miti e delle paure legati a quelle antiche osservazioni, i [&hellip;]<\/p>\n","protected":false},"author":1,"featured_media":0,"comment_status":"open","ping_status":"open","sticky":true,"template":"","format":"standard","meta":{"_price":"","_stock":"","_tribe_ticket_header":"","_tribe_default_ticket_provider":"","_tribe_ticket_capacity":"","_ticket_start_date":"","_ticket_end_date":"","_tribe_ticket_show_description":"","_tribe_ticket_show_not_going":false,"_tribe_ticket_use_global_stock":"","_tribe_ticket_global_stock_level":"","_global_stock_mode":"","_global_stock_cap":"","_tribe_rsvp_for_event":"","_tribe_ticket_going_count":"","_tribe_ticket_not_going_count":"","_tribe_tickets_list":"[]","_tribe_ticket_has_attendee_info_fields":false,"footnotes":""},"categories":[4],"tags":[],"class_list":["post-380","post","type-post","status-publish","format-standard","hentry","category-serate-pubbliche"],"blocksy_meta":[],"_links":{"self":[{"href":"https:\/\/www.astroambiente.org\/wordpress\/wp-json\/wp\/v2\/posts\/380","targetHints":{"allow":["GET"]}}],"collection":[{"href":"https:\/\/www.astroambiente.org\/wordpress\/wp-json\/wp\/v2\/posts"}],"about":[{"href":"https:\/\/www.astroambiente.org\/wordpress\/wp-json\/wp\/v2\/types\/post"}],"author":[{"embeddable":true,"href":"https:\/\/www.astroambiente.org\/wordpress\/wp-json\/wp\/v2\/users\/1"}],"replies":[{"embeddable":true,"href":"https:\/\/www.astroambiente.org\/wordpress\/wp-json\/wp\/v2\/comments?post=380"}],"version-history":[{"count":0,"href":"https:\/\/www.astroambiente.org\/wordpress\/wp-json\/wp\/v2\/posts\/380\/revisions"}],"wp:attachment":[{"href":"https:\/\/www.astroambiente.org\/wordpress\/wp-json\/wp\/v2\/media?parent=380"}],"wp:term":[{"taxonomy":"category","embeddable":true,"href":"https:\/\/www.astroambiente.org\/wordpress\/wp-json\/wp\/v2\/categories?post=380"},{"taxonomy":"post_tag","embeddable":true,"href":"https:\/\/www.astroambiente.org\/wordpress\/wp-json\/wp\/v2\/tags?post=380"}],"curies":[{"name":"wp","href":"https:\/\/api.w.org\/{rel}","templated":true}]}}