{"id":397,"date":"2023-07-13T12:27:34","date_gmt":"2023-07-13T10:27:34","guid":{"rendered":"https:\/\/www.astroambiente.org\/wordpress\/2023\/07\/13\/22-07-2023-stelle-e-alri-mostri-3\/"},"modified":"2023-07-13T12:27:34","modified_gmt":"2023-07-13T10:27:34","slug":"22-07-2023-stelle-e-alri-mostri-3","status":"publish","type":"post","link":"https:\/\/www.astroambiente.org\/wordpress\/22-07-2023-stelle-e-alri-mostri-3\/","title":{"rendered":"22\/07\/2023 &#8211; STELLE E ALRI MOSTRI"},"content":{"rendered":"<p><img loading=\"lazy\" decoding=\"async\" class=\" size-full wp-image-387\" src=\"https:\/\/www.astroambiente.org\/wordpress\/wp-content\/uploads\/2023\/07\/Osservatorio_FBTwitter_11.png\" width=\"634\" height=\"357\" srcset=\"https:\/\/www.astroambiente.org\/wordpress\/wp-content\/uploads\/2023\/07\/Osservatorio_FBTwitter_11.png 1920w, https:\/\/www.astroambiente.org\/wordpress\/wp-content\/uploads\/2023\/07\/Osservatorio_FBTwitter_11-300x169.png 300w, https:\/\/www.astroambiente.org\/wordpress\/wp-content\/uploads\/2023\/07\/Osservatorio_FBTwitter_11-1024x576.png 1024w, https:\/\/www.astroambiente.org\/wordpress\/wp-content\/uploads\/2023\/07\/Osservatorio_FBTwitter_11-768x432.png 768w, https:\/\/www.astroambiente.org\/wordpress\/wp-content\/uploads\/2023\/07\/Osservatorio_FBTwitter_11-1536x864.png 1536w\" sizes=\"auto, (max-width: 634px) 100vw, 634px\" \/><\/p>\n<p>Sabato 22 luglio vi spiegheremo cosa sono le affascinanti stelle di Wolf-Rayet, vi sveleremo il loro enigma e il perch\u00e9 potrebbero essere la causa della prossima grande estinzione di massa.<\/p>\n<p>Curiosi? Vi aspettiamo in Osservatorio!<\/p>\n<p>COME PRENOTARE?<br \/>1. Collegarsi al sito <span style=\"font-size: 10pt;\"><strong><span style=\"text-decoration: underline;\"><a title=\"Biglieti\" href=\"https:\/\/www.officinescuola.it\/eventi\/\" target=\"_blank\" rel=\"alternate\">Officine Scuola<\/a><\/span><\/strong><\/span><br \/>2. Accedere oppure registrarsi, cliccando su &#8220;Registrati&#8221;<br \/>3. Cliccare su &#8220;Il programma&#8221;<br \/>4. Cliccare su &#8220;22 Luglio 2023&#8221;<br \/>5. Cliccare su &#8220;Dettagli e iscrizione&#8221;<br \/>6. Cliccare su &#8220;Iscriviti&#8221;<br \/>7. Cliccare su &#8220;Ok&#8221;<br \/>8. Arriver\u00e0 una mail con la conferma dell&#8217;avvenuta iscrizione e il QR code. Stampatelo e\/o mostratelo all&#8217;ingresso della conferenza.<\/p>\n<p>L&#8217;ingresso \u00e8 gratuito per chi \u00e8 gi\u00e0 iscritto all&#8217;associazione di promozione sociale Astronomia e Ambiente.<br \/>Per iscriversi, compilare il modulo al seguente link:\u00a0<span style=\"font-size: 10pt;\"><strong><span style=\"text-decoration: underline;\"><a title=\"Modulo iscrizione\" href=\"https:\/\/docs.google.com\/forms\/d\/e\/1FAIpQLSdw3tBIw0OIyz2gPhHfM9L_GzUSzcubYu9CUNCnp9rw2CkDeA\/viewform\" target=\"_blank\" rel=\"alternate\">MODULO DI ISCRIZIONE<\/a><\/span><\/strong><\/span> (\u00e8 possibile pagare la quota associativa di 10\u20ac all&#8217;ingresso).<\/p>\n<p>COME CI TROVATE?<br \/>Raggiungerci \u00e8 semplice.<\/p>\n<p>Si percorre l&#8217;Autostrada Milano-Genova o Torino-Piacenza e si esce a Tortona. Si continua poi per la Strada Provinciale per Caldirola; superata la Frazione Giarella, giunti al bivio si svolta a destra seguendo le indicazioni per Casasco.<br \/>Si prosegue fino al bivio per la frazione Magrassi dove, a sinistra, dopo il cimitero, \u00e8 visibile l&#8217;Osservatorio.<br \/>Cartelli indicativi guidano dalle derivazioni sulle strade provinciali della Val Curone e della Val Grue.<\/p>\n<p>Per ulteriori informazioni: <a href=\"mailto:info@astroambiente.xn--org-6na\">info@astroambiente.org<\/a>\u00a0<\/p>\n","protected":false},"excerpt":{"rendered":"<p>Sabato 22 luglio vi spiegheremo cosa sono le affascinanti stelle di Wolf-Rayet, vi sveleremo il loro enigma e il perch\u00e9 potrebbero essere la causa della prossima grande estinzione di massa. [&hellip;]<\/p>\n","protected":false},"author":1,"featured_media":387,"comment_status":"open","ping_status":"open","sticky":true,"template":"","format":"standard","meta":{"_price":"","_stock":"","_tribe_ticket_header":"","_tribe_default_ticket_provider":"","_tribe_ticket_capacity":"","_ticket_start_date":"","_ticket_end_date":"","_tribe_ticket_show_description":"","_tribe_ticket_show_not_going":false,"_tribe_ticket_use_global_stock":"","_tribe_ticket_global_stock_level":"","_global_stock_mode":"","_global_stock_cap":"","_tribe_rsvp_for_event":"","_tribe_ticket_going_count":"","_tribe_ticket_not_going_count":"","_tribe_tickets_list":"[]","_tribe_ticket_has_attendee_info_fields":false,"footnotes":""},"categories":[4],"tags":[],"class_list":["post-397","post","type-post","status-publish","format-standard","has-post-thumbnail","hentry","category-serate-pubbliche"],"blocksy_meta":[],"_links":{"self":[{"href":"https:\/\/www.astroambiente.org\/wordpress\/wp-json\/wp\/v2\/posts\/397","targetHints":{"allow":["GET"]}}],"collection":[{"href":"https:\/\/www.astroambiente.org\/wordpress\/wp-json\/wp\/v2\/posts"}],"about":[{"href":"https:\/\/www.astroambiente.org\/wordpress\/wp-json\/wp\/v2\/types\/post"}],"author":[{"embeddable":true,"href":"https:\/\/www.astroambiente.org\/wordpress\/wp-json\/wp\/v2\/users\/1"}],"replies":[{"embeddable":true,"href":"https:\/\/www.astroambiente.org\/wordpress\/wp-json\/wp\/v2\/comments?post=397"}],"version-history":[{"count":0,"href":"https:\/\/www.astroambiente.org\/wordpress\/wp-json\/wp\/v2\/posts\/397\/revisions"}],"wp:featuredmedia":[{"embeddable":true,"href":"https:\/\/www.astroambiente.org\/wordpress\/wp-json\/wp\/v2\/media\/387"}],"wp:attachment":[{"href":"https:\/\/www.astroambiente.org\/wordpress\/wp-json\/wp\/v2\/media?parent=397"}],"wp:term":[{"taxonomy":"category","embeddable":true,"href":"https:\/\/www.astroambiente.org\/wordpress\/wp-json\/wp\/v2\/categories?post=397"},{"taxonomy":"post_tag","embeddable":true,"href":"https:\/\/www.astroambiente.org\/wordpress\/wp-json\/wp\/v2\/tags?post=397"}],"curies":[{"name":"wp","href":"https:\/\/api.w.org\/{rel}","templated":true}]}}