{"id":433,"date":"2024-05-14T13:39:09","date_gmt":"2024-05-14T11:39:09","guid":{"rendered":"https:\/\/www.astroambiente.org\/wordpress\/2024\/05\/14\/18-05-2024-il-sole-nero-il-fascino-delle-eclissi-di-sole-tra-mito-e-scienza-2\/"},"modified":"2024-05-14T13:39:09","modified_gmt":"2024-05-14T11:39:09","slug":"18-05-2024-il-sole-nero-il-fascino-delle-eclissi-di-sole-tra-mito-e-scienza-2","status":"publish","type":"post","link":"https:\/\/www.astroambiente.org\/wordpress\/18-05-2024-il-sole-nero-il-fascino-delle-eclissi-di-sole-tra-mito-e-scienza-2\/","title":{"rendered":"18\/05\/2024 &#8211; Il Sole nero: il fascino delle eclissi di Sole tra mito e scienza"},"content":{"rendered":"<p>Alcuni recenti documenti riportano osservazioni di eclissi solari risalenti a 4.000 anni fa. In epoche pi\u00f9 recenti, al di l\u00e0 dei miti e delle paure legati a quelle antiche osservazioni, i moderni telescopi consentono anche a noi astrofili di osservare e fotografare questi spettacolari eventi. La prossima eclissi parziale di sole del 2026 sar\u00e0 visibile anche dall&#8217;Italia.<\/p>\n<p>Vi aspettiamo\u00a0<strong>sabato 18 maggio\u00a0<\/strong>alle\u00a0<strong>ore 21:00<\/strong>\u00a0in Osservatorio per saperne di pi\u00f9!<\/p>\n<p>L&#8217;ingresso \u00e8 gratuito per chi \u00e8 gi\u00e0 iscritto all&#8217;associazione di promozione sociale Astronomia e Ambiente e per i ragazzi di et\u00e0 inferiore ai 14 anni.<\/p>\n<p>Per iscriversi, compilare il form al seguente link:\u00a0<a href=\"https:\/\/docs.google.com\/forms\/d\/e\/1FAIpQLSdw3tBIw0OIyz2gPhHfM9L_GzUSzcubYu9CUNCnp9rw2CkDeA\/viewform\" data-cke-saved-href=\"https:\/\/docs.google.com\/forms\/d\/e\/1FAIpQLSdw3tBIw0OIyz2gPhHfM9L_GzUSzcubYu9CUNCnp9rw2CkDeA\/viewform\">LINK FORM<\/a><br \/>Ricordiamo che \u00e8 possibile pagare la quota associativa di\u00a0<u>10\u20ac<\/u>\u00a0all&#8217;ingresso direttamente in Osservatorio o, in alternativa, effettuare il pagamento mediante bonifico alle coordinate presenti nel form.<\/p>\n<p>Al termine della conferenza sar\u00e0 possibile osservare il cielo mediante la strumentazione dell\u2019osservatorio.<br \/>In caso di maltempo le osservazioni saranno sostituite dalla proiezione di immagini astronomiche riprese dall&#8217;osservatorio.<\/p>\n<p><strong>COME PRENOTARE?<\/strong><br \/>1. Collegarsi al sito https:\/\/www.officinescuola.it\/eventi\/<br \/>2. Accedere oppure registrarsi, cliccando su &#8220;Registrati&#8221; (obbligatorio il codice fiscale e la conferma della presa visione della privacy).<br \/>3. Cliccare su &#8220;Il programma&#8221;<br \/>4. Cliccare su &#8220;18 Maggio 2024&#8221;<br \/>5. Cliccare su &#8220;Dettagli e iscrizione&#8221;<br \/>6. Cliccare su &#8220;Iscriviti&#8221;<br \/>7. Cliccare su &#8220;Ok&#8221;<br \/>8. Arriver\u00e0 una mail con la conferma dell&#8217;avvenuta iscrizione e il QR code. Stampatelo e\/o mostratelo all&#8217;ingresso della conferenza.<\/p>\n<p><strong>COME RAGGIUNGERCI?<\/strong><br \/>Ci troviamo a Casasco (AL) lungo la strada provinciale\u00a0<strong>SP119<\/strong>.<br \/>Percorrete l&#8217;Autostrada Milano-Genova o Torino-Piacenza e uscite a Tortona. Continuate sulla Strada Provinciale per Caldirola; superata la Frazione Giarella, al bivio svoltate a destra seguendo le indicazioni per Casasco.<br \/>Proseguite fino al bivio per la frazione Magrassi e, a sinistra, dopo il cimitero, troverete l&#8217;Osservatorio ben visibile. I cartelli indicativi vi guideranno lungo le strade provinciali della Val Curone e della Val Grue.<\/p>\n<p>Per ulteriori informazioni o domande non esitate a contattarci mediante e-mail all&#8217;indirizzo info@astroambiente.org o attraverso i nostri canali social.<\/p>\n","protected":false},"excerpt":{"rendered":"<p>Alcuni recenti documenti riportano osservazioni di eclissi solari risalenti a 4.000 anni fa. In epoche pi\u00f9 recenti, al di l\u00e0 dei miti e delle paure legati a quelle antiche osservazioni, [&hellip;]<\/p>\n","protected":false},"author":1,"featured_media":0,"comment_status":"open","ping_status":"open","sticky":true,"template":"","format":"standard","meta":{"_price":"","_stock":"","_tribe_ticket_header":"","_tribe_default_ticket_provider":"","_tribe_ticket_capacity":"","_ticket_start_date":"","_ticket_end_date":"","_tribe_ticket_show_description":"","_tribe_ticket_show_not_going":false,"_tribe_ticket_use_global_stock":"","_tribe_ticket_global_stock_level":"","_global_stock_mode":"","_global_stock_cap":"","_tribe_rsvp_for_event":"","_tribe_ticket_going_count":"","_tribe_ticket_not_going_count":"","_tribe_tickets_list":"[]","_tribe_ticket_has_attendee_info_fields":false,"footnotes":""},"categories":[4],"tags":[],"class_list":["post-433","post","type-post","status-publish","format-standard","hentry","category-serate-pubbliche"],"blocksy_meta":[],"_links":{"self":[{"href":"https:\/\/www.astroambiente.org\/wordpress\/wp-json\/wp\/v2\/posts\/433","targetHints":{"allow":["GET"]}}],"collection":[{"href":"https:\/\/www.astroambiente.org\/wordpress\/wp-json\/wp\/v2\/posts"}],"about":[{"href":"https:\/\/www.astroambiente.org\/wordpress\/wp-json\/wp\/v2\/types\/post"}],"author":[{"embeddable":true,"href":"https:\/\/www.astroambiente.org\/wordpress\/wp-json\/wp\/v2\/users\/1"}],"replies":[{"embeddable":true,"href":"https:\/\/www.astroambiente.org\/wordpress\/wp-json\/wp\/v2\/comments?post=433"}],"version-history":[{"count":0,"href":"https:\/\/www.astroambiente.org\/wordpress\/wp-json\/wp\/v2\/posts\/433\/revisions"}],"wp:attachment":[{"href":"https:\/\/www.astroambiente.org\/wordpress\/wp-json\/wp\/v2\/media?parent=433"}],"wp:term":[{"taxonomy":"category","embeddable":true,"href":"https:\/\/www.astroambiente.org\/wordpress\/wp-json\/wp\/v2\/categories?post=433"},{"taxonomy":"post_tag","embeddable":true,"href":"https:\/\/www.astroambiente.org\/wordpress\/wp-json\/wp\/v2\/tags?post=433"}],"curies":[{"name":"wp","href":"https:\/\/api.w.org\/{rel}","templated":true}]}}