{"id":435,"date":"2024-05-21T20:21:32","date_gmt":"2024-05-21T18:21:32","guid":{"rendered":"https:\/\/www.astroambiente.org\/wordpress\/2024\/05\/21\/25-05-2024-le-luci-del-nord-2\/"},"modified":"2024-05-21T20:21:32","modified_gmt":"2024-05-21T18:21:32","slug":"25-05-2024-le-luci-del-nord-2","status":"publish","type":"post","link":"https:\/\/www.astroambiente.org\/wordpress\/25-05-2024-le-luci-del-nord-2\/","title":{"rendered":"25\/05\/2024 &#8211; LE LUCI DEL NORD"},"content":{"rendered":"<div class=\"x1e56ztr\" data-block=\"true\" data-editor=\"6cg43\" data-offset-key=\"92fbl-0-0\">Pensando al Nord Europa il pensiero vola subito agli spettacoli astronomici che esso offre durante il corso dell&#8217;anno.<\/p>\n<div class=\"x1e56ztr\" data-block=\"true\" data-editor=\"6cg43\" data-offset-key=\"92fbl-0-0\">\n<div class=\"xdj266r x11i5rnm xat24cr x1mh8g0r x1vvkbs\">Partite con noi in un viaggio nei in Scandinavia Europa per scoprire le meravigliose e spettacolari Aurore boreali!<\/div>\n<div class=\"x11i5rnm xat24cr x1mh8g0r x1vvkbs xtlvy1s\">Al termine della conferenza sar\u00e0 possibile osservare il cielo mediante la strumentazione dell\u2019osservatorio.<br class=\"html-br\" \/>In caso di maltempo le osservazioni saranno sostituite dalla proiezione di immagini astronomiche riprese dall&#8217;osservatorio.<\/div>\n<div class=\"x11i5rnm xat24cr x1mh8g0r x1vvkbs xtlvy1s\">\u00a0<\/div>\n<div class=\"x11i5rnm xat24cr x1mh8g0r x1vvkbs xtlvy1s\"><strong>COME PRENOTARE?<\/strong><br class=\"html-br\" \/>1. Collegarsi al sito\u00a0<a class=\"x1i10hfl xjbqb8w x1ejq31n xd10rxx x1sy0etr x17r0tee x972fbf xcfux6l x1qhh985 xm0m39n x9f619 x1ypdohk xt0psk2 xe8uvvx xdj266r x11i5rnm xat24cr x1mh8g0r xexx8yu x4uap5 x18d9i69 xkhd6sd x16tdsg8 x1hl2dhg xggy1nq x1a2a7pz x1sur9pj xkrqix3 x1fey0fg\" tabindex=\"0\" href=\"https:\/\/www.officinescuola.it\/eventi\/?fbclid=IwZXh0bgNhZW0CMTAAAR3Li4bfAr6QywEwciMPa0PoWT46lHKSHTUiugBR1CDipdcjxTrrlZ17XQA_aem_Adn05asPnfBST7cB8yLu9vDpqMtOUeKWXQFwzoR_g7VyjjCzB8cpOVkCZIhvYKPnclKiPQCrCXIqqICNLLygYKbv\" target=\"_blank\" rel=\"nofollow noopener noreferrer\">https:\/\/www.officinescuola.it\/eventi\/<\/a><br class=\"html-br\" \/>2. Accedere oppure registrarsi, cliccando su &#8220;Registrati&#8221;<br class=\"html-br\" \/>3. Cliccare su &#8220;Il programma&#8221;<br class=\"html-br\" \/>4. Cliccare su &#8220;25 Maggio 2024&#8221;<br class=\"html-br\" \/>5. Cliccare su &#8220;Dettagli e iscrizione&#8221;<br class=\"html-br\" \/>6. Cliccare su &#8220;Iscriviti&#8221;<br class=\"html-br\" \/>7. Cliccare su &#8220;Ok&#8221;<br class=\"html-br\" \/>8. Arriver\u00e0 una mail con la conferma dell&#8217;avvenuta iscrizione e il QR code. Stampatelo e\/o mostratelo all&#8217;ingresso della conferenza.<\/div>\n<div class=\"x11i5rnm xat24cr x1mh8g0r x1vvkbs xtlvy1s\">\u00a0<\/div>\n<div class=\"x11i5rnm xat24cr x1mh8g0r x1vvkbs xtlvy1s\">L&#8217;ingresso \u00e8 gratuito per chi \u00e8 gi\u00e0 iscritto all&#8217;associazione di promozione sociale Astronomia e Ambiente e per i ragazzi di et\u00e0 inferiore ai 14 anni.<\/div>\n<div class=\"x11i5rnm xat24cr x1mh8g0r x1vvkbs xtlvy1s\">Per iscriversi, compilare il modulo al seguente link:<br class=\"html-br\" \/><a class=\"x1i10hfl xjbqb8w x1ejq31n xd10rxx x1sy0etr x17r0tee x972fbf xcfux6l x1qhh985 xm0m39n x9f619 x1ypdohk xt0psk2 xe8uvvx xdj266r x11i5rnm xat24cr x1mh8g0r xexx8yu x4uap5 x18d9i69 xkhd6sd x16tdsg8 x1hl2dhg xggy1nq x1a2a7pz x1sur9pj xkrqix3 x1fey0fg\" tabindex=\"0\" href=\"https:\/\/docs.google.com\/forms\/d\/e\/1FAIpQLSdw3tBIw0OIyz2gPhHfM9L_GzUSzcubYu9CUNCnp9rw2CkDeA\/viewform?fbclid=IwZXh0bgNhZW0CMTAAAR0ryojg1k5S83KOUgeaE-YYLAV7kJmNZn1-8WCnWlK2K4LzBn-iKZuwDcA_aem_AdnMcdJQjy1xJtnnQEoGzdFEduH8unLSqaOSC6MjSTNVkn_7mx6qg70XXgIW8YGifXpv5gQ3hs8R-02ODSBfuwgp\" target=\"_blank\" rel=\"nofollow noopener noreferrer\">https:\/\/docs.google.com\/&#8230;\/1FAIpQLSdw3tBIw0OIyz&#8230;\/viewform<\/a>\u00a0(\u00e8 possibile pagare la quota associativa di 10\u20ac all&#8217;ingresso).<\/div>\n<div class=\"x11i5rnm xat24cr x1mh8g0r x1vvkbs xtlvy1s\">\u00a0<\/div>\n<div class=\"x11i5rnm xat24cr x1mh8g0r x1vvkbs xtlvy1s\"><strong>COME RAGGIUNGERCI?<\/strong><br class=\"html-br\" \/>Ci troviamo a Casasco (AL) lungo la strada provinciale SP119.<br class=\"html-br\" \/>Percorrete l&#8217;Autostrada Milano-Genova o Torino-Piacenza e uscite a Tortona. Continuate sulla Strada Provinciale per Caldirola; superata la Frazione Giarella, al bivio svoltate a destra seguendo le indicazioni per Casasco.<br class=\"html-br\" \/>Proseguite fino al bivio per la frazione Magrassi e, a sinistra, dopo il cimitero, troverete l&#8217;Osservatorio ben visibile. I cartelli indicativi vi guideranno lungo le strade provinciali della Val Curone e della Val Grue.<\/div>\n<div class=\"x11i5rnm xat24cr x1mh8g0r x1vvkbs xtlvy1s\">\u00a0<\/div>\n<div class=\"x11i5rnm xat24cr x1mh8g0r x1vvkbs xtlvy1s\"><strong>Per ulteriori informazioni: info@astroambiente.org<\/strong><\/div>\n<\/div>\n<\/div>\n","protected":false},"excerpt":{"rendered":"<p>Pensando al Nord Europa il pensiero vola subito agli spettacoli astronomici che esso offre durante il corso dell&#8217;anno. Partite con noi in un viaggio nei in Scandinavia Europa per scoprire [&hellip;]<\/p>\n","protected":false},"author":1,"featured_media":0,"comment_status":"open","ping_status":"open","sticky":true,"template":"","format":"standard","meta":{"_price":"","_stock":"","_tribe_ticket_header":"","_tribe_default_ticket_provider":"","_tribe_ticket_capacity":"","_ticket_start_date":"","_ticket_end_date":"","_tribe_ticket_show_description":"","_tribe_ticket_show_not_going":false,"_tribe_ticket_use_global_stock":"","_tribe_ticket_global_stock_level":"","_global_stock_mode":"","_global_stock_cap":"","_tribe_rsvp_for_event":"","_tribe_ticket_going_count":"","_tribe_ticket_not_going_count":"","_tribe_tickets_list":"[]","_tribe_ticket_has_attendee_info_fields":false,"footnotes":""},"categories":[4],"tags":[],"class_list":["post-435","post","type-post","status-publish","format-standard","hentry","category-serate-pubbliche"],"blocksy_meta":[],"_links":{"self":[{"href":"https:\/\/www.astroambiente.org\/wordpress\/wp-json\/wp\/v2\/posts\/435","targetHints":{"allow":["GET"]}}],"collection":[{"href":"https:\/\/www.astroambiente.org\/wordpress\/wp-json\/wp\/v2\/posts"}],"about":[{"href":"https:\/\/www.astroambiente.org\/wordpress\/wp-json\/wp\/v2\/types\/post"}],"author":[{"embeddable":true,"href":"https:\/\/www.astroambiente.org\/wordpress\/wp-json\/wp\/v2\/users\/1"}],"replies":[{"embeddable":true,"href":"https:\/\/www.astroambiente.org\/wordpress\/wp-json\/wp\/v2\/comments?post=435"}],"version-history":[{"count":0,"href":"https:\/\/www.astroambiente.org\/wordpress\/wp-json\/wp\/v2\/posts\/435\/revisions"}],"wp:attachment":[{"href":"https:\/\/www.astroambiente.org\/wordpress\/wp-json\/wp\/v2\/media?parent=435"}],"wp:term":[{"taxonomy":"category","embeddable":true,"href":"https:\/\/www.astroambiente.org\/wordpress\/wp-json\/wp\/v2\/categories?post=435"},{"taxonomy":"post_tag","embeddable":true,"href":"https:\/\/www.astroambiente.org\/wordpress\/wp-json\/wp\/v2\/tags?post=435"}],"curies":[{"name":"wp","href":"https:\/\/api.w.org\/{rel}","templated":true}]}}