{"id":807,"date":"2025-03-24T10:20:52","date_gmt":"2025-03-24T09:20:52","guid":{"rendered":"https:\/\/www.astroambiente.org\/wordpress\/?p=807"},"modified":"2025-03-24T10:20:52","modified_gmt":"2025-03-24T09:20:52","slug":"marte-sotto-i-riflettori-un-incontro-ravvicinato-con-il-pianeta-rosso","status":"publish","type":"post","link":"https:\/\/www.astroambiente.org\/wordpress\/marte-sotto-i-riflettori-un-incontro-ravvicinato-con-il-pianeta-rosso\/","title":{"rendered":"Marte sotto i riflettori: un Incontro ravvicinato con il Pianeta Rosso"},"content":{"rendered":"\n<p class=\"wp-block-paragraph\">Marte sar\u00e0 protagonista nel cielo di marzo 2025, grazie alla sua opposizione, che lo porter\u00e0 a essere pi\u00f9 luminoso e visibile che mai. Questo evento astronomico rappresenta un&#8217;occasione unica per osservare il Pianeta Rosso da vicino. La conferenza \u00e8 pensata per chi si avvicina all&#8217;astronomia, senza necessit\u00e0 di esperienze pregresse. Sabato 29 marzo alle ore 21 esploreremo insieme la bellezza di Marte, le sue caratteristiche principali, la storia delle missioni spaziali e come poterlo osservare nel miglior modo possibile. Un\u2019opportunit\u00e0 per scoprire i segreti di un pianeta affascinante e lontano, ma pi\u00f9 vicino che mai al nostro cielo.<\/p>\n\n\n\n<figure class=\"wp-block-image size-large\"><img loading=\"lazy\" decoding=\"async\" width=\"724\" height=\"1024\" src=\"https:\/\/www.astroambiente.org\/wordpress\/wp-content\/uploads\/2025\/03\/locandina-evento-AA-2025-03-29b-724x1024.png\" alt=\"\" class=\"wp-image-800\" srcset=\"https:\/\/www.astroambiente.org\/wordpress\/wp-content\/uploads\/2025\/03\/locandina-evento-AA-2025-03-29b-724x1024.png 724w, https:\/\/www.astroambiente.org\/wordpress\/wp-content\/uploads\/2025\/03\/locandina-evento-AA-2025-03-29b-212x300.png 212w, https:\/\/www.astroambiente.org\/wordpress\/wp-content\/uploads\/2025\/03\/locandina-evento-AA-2025-03-29b-768x1086.png 768w, https:\/\/www.astroambiente.org\/wordpress\/wp-content\/uploads\/2025\/03\/locandina-evento-AA-2025-03-29b-1086x1536.png 1086w, https:\/\/www.astroambiente.org\/wordpress\/wp-content\/uploads\/2025\/03\/locandina-evento-AA-2025-03-29b.png 1414w\" sizes=\"auto, (max-width: 724px) 100vw, 724px\" \/><\/figure>\n\n\n\n<p class=\"wp-block-paragraph\">Per iscriversi alla serata occorre registrarsi sulla pagina <a href=\"https:\/\/www.astroambiente.org\/eventi\">https:\/\/www.astroambiente.org\/eventi<\/a> e scegliere l&#8217;evento.<\/p>\n\n\n\n<p class=\"wp-block-paragraph\">La partecipazione \u00e8 gratuita per tutti i soci. Per richiedere l&#8217;iscrizione all&#8217;Associazione bisogna compilare <a href=\"https:\/\/docs.google.com\/forms\/d\/e\/1FAIpQLSdw3tBIw0OIyz2gPhHfM9L_GzUSzcubYu9CUNCnp9rw2CkDeA\/viewform?usp=send_form\">questo modulo <\/a><\/p>\n\n\n\n<p class=\"wp-block-paragraph\"><\/p>\n\n\n\n<p class=\"wp-block-paragraph\"><\/p>\n","protected":false},"excerpt":{"rendered":"<p>Marte sar\u00e0 protagonista nel cielo di marzo 2025, grazie alla sua opposizione, che lo porter\u00e0 a essere pi\u00f9 luminoso e visibile che mai. Questo evento astronomico rappresenta un&#8217;occasione unica per [&hellip;]<\/p>\n","protected":false},"author":1,"featured_media":817,"comment_status":"closed","ping_status":"","sticky":false,"template":"","format":"standard","meta":{"_price":"","_stock":"","_tribe_ticket_header":"","_tribe_default_ticket_provider":"","_tribe_ticket_capacity":"","_ticket_start_date":"","_ticket_end_date":"","_tribe_ticket_show_description":"","_tribe_ticket_show_not_going":false,"_tribe_ticket_use_global_stock":"","_tribe_ticket_global_stock_level":"","_global_stock_mode":"","_global_stock_cap":"","_tribe_rsvp_for_event":"","_tribe_ticket_going_count":"","_tribe_ticket_not_going_count":"","_tribe_tickets_list":"[]","_tribe_ticket_has_attendee_info_fields":false,"footnotes":""},"categories":[4],"tags":[],"class_list":["post-807","post","type-post","status-publish","format-standard","has-post-thumbnail","hentry","category-serate-pubbliche"],"blocksy_meta":[],"_links":{"self":[{"href":"https:\/\/www.astroambiente.org\/wordpress\/wp-json\/wp\/v2\/posts\/807","targetHints":{"allow":["GET"]}}],"collection":[{"href":"https:\/\/www.astroambiente.org\/wordpress\/wp-json\/wp\/v2\/posts"}],"about":[{"href":"https:\/\/www.astroambiente.org\/wordpress\/wp-json\/wp\/v2\/types\/post"}],"author":[{"embeddable":true,"href":"https:\/\/www.astroambiente.org\/wordpress\/wp-json\/wp\/v2\/users\/1"}],"replies":[{"embeddable":true,"href":"https:\/\/www.astroambiente.org\/wordpress\/wp-json\/wp\/v2\/comments?post=807"}],"version-history":[{"count":2,"href":"https:\/\/www.astroambiente.org\/wordpress\/wp-json\/wp\/v2\/posts\/807\/revisions"}],"predecessor-version":[{"id":809,"href":"https:\/\/www.astroambiente.org\/wordpress\/wp-json\/wp\/v2\/posts\/807\/revisions\/809"}],"wp:featuredmedia":[{"embeddable":true,"href":"https:\/\/www.astroambiente.org\/wordpress\/wp-json\/wp\/v2\/media\/817"}],"wp:attachment":[{"href":"https:\/\/www.astroambiente.org\/wordpress\/wp-json\/wp\/v2\/media?parent=807"}],"wp:term":[{"taxonomy":"category","embeddable":true,"href":"https:\/\/www.astroambiente.org\/wordpress\/wp-json\/wp\/v2\/categories?post=807"},{"taxonomy":"post_tag","embeddable":true,"href":"https:\/\/www.astroambiente.org\/wordpress\/wp-json\/wp\/v2\/tags?post=807"}],"curies":[{"name":"wp","href":"https:\/\/api.w.org\/{rel}","templated":true}]}}